{"id":2710,"date":"2015-02-06T16:53:59","date_gmt":"2015-02-06T21:53:59","guid":{"rendered":"http:\/\/despacio.org\/?p=2710"},"modified":"2015-02-06T16:53:59","modified_gmt":"2015-02-06T21:53:59","slug":"eventos-de-febrero","status":"publish","type":"post","link":"https:\/\/despacio.org\/en\/2015\/02\/06\/eventos-de-febrero\/","title":{"rendered":"Eventos de Febrero"},"content":{"rendered":"<p>Este mes estamos organizando\u00a0 varios eventos. Vamos a ir public\u00e1ndolos ac\u00e1, y sobra decir que todos est\u00e1n invitados.<\/p>\n<p>&#8211; El primero es &#8220;Las mujeres y las bicis en Bogot\u00e1&#8221;, el 23 de febrero en el Impact Hub. Para ver m\u00e1s informaci\u00f3n vaya <a href=\"https:\/\/www.facebook.com\/events\/1592868467609901\/\">ac\u00e1<\/a>\u00a0&#8211; y para un resumen vaya ac\u00e1.<\/p>\n<p><a href=\"http:\/\/despacio.org\/wp-content\/uploads\/2015\/02\/mujeres_anuncio-fb.jpg\"><img loading=\"lazy\" decoding=\"async\" class=\"alignnone size-full wp-image-2712\" src=\"http:\/\/despacio.org\/wp-content\/uploads\/2015\/02\/mujeres_anuncio-fb.jpg\" alt=\"mujeres_anuncio-fb\" width=\"1000\" height=\"515\" \/><\/a><\/p>\n<p>&nbsp;<\/p>\n<p><!--more-->&#8211; El segundo, es el 23 de febrero tambi\u00e9n pero en la C\u00e1mara de Comercio de Bogot\u00e1. Un resumen del evento se encuentra <a title=\"Lanzamiento Cuentas de la Bici Bogot\u00e1 2014 en C\u00e1mara de Comercio\" href=\"http:\/\/despacio.org\/en\/2015\/02\/23\/lanzamiento-cuentas-de-la-bici-bogota-2014-en-camara-de-comercio\/\" target=\"_blank\" rel=\"noopener\">aqu\u00ed<\/a>.<a href=\"http:\/\/despacio.org\/wp-content\/uploads\/2015\/02\/invitacion-evento-bogota-feb4.jpg\"><img loading=\"lazy\" decoding=\"async\" class=\"alignnone size-full wp-image-2713\" src=\"http:\/\/despacio.org\/wp-content\/uploads\/2015\/02\/invitacion-evento-bogota-feb4.jpg\" alt=\"invitacion-evento-bogota-feb4\" width=\"734\" height=\"845\" \/><\/a><\/p>","protected":false},"excerpt":{"rendered":"<p>Este mes estamos organizando\u00a0 varios eventos. Vamos a ir public\u00e1ndolos ac\u00e1, y sobra decir que todos est\u00e1n invitados. &#8211; El primero es &#8220;Las mujeres y las bicis en Bogot\u00e1&#8221;, el 23 de febrero en el Impact Hub. Para ver m\u00e1s informaci\u00f3n vaya ac\u00e1\u00a0&#8211; y para un resumen vaya ac\u00e1. &nbsp;<\/p>","protected":false},"author":1,"featured_media":0,"comment_status":"closed","ping_status":"open","sticky":false,"template":"","format":"standard","meta":{"_acf_changed":false,"footnotes":""},"categories":[37],"tags":[],"class_list":["post-2710","post","type-post","status-publish","format-standard","hentry","category-eventos"],"acf":[],"_links":{"self":[{"href":"https:\/\/despacio.org\/en\/wp-json\/wp\/v2\/posts\/2710","targetHints":{"allow":["GET"]}}],"collection":[{"href":"https:\/\/despacio.org\/en\/wp-json\/wp\/v2\/posts"}],"about":[{"href":"https:\/\/despacio.org\/en\/wp-json\/wp\/v2\/types\/post"}],"author":[{"embeddable":true,"href":"https:\/\/despacio.org\/en\/wp-json\/wp\/v2\/users\/1"}],"replies":[{"embeddable":true,"href":"https:\/\/despacio.org\/en\/wp-json\/wp\/v2\/comments?post=2710"}],"version-history":[{"count":0,"href":"https:\/\/despacio.org\/en\/wp-json\/wp\/v2\/posts\/2710\/revisions"}],"wp:attachment":[{"href":"https:\/\/despacio.org\/en\/wp-json\/wp\/v2\/media?parent=2710"}],"wp:term":[{"taxonomy":"category","embeddable":true,"href":"https:\/\/despacio.org\/en\/wp-json\/wp\/v2\/categories?post=2710"},{"taxonomy":"post_tag","embeddable":true,"href":"https:\/\/despacio.org\/en\/wp-json\/wp\/v2\/tags?post=2710"}],"curies":[{"name":"wp","href":"https:\/\/api.w.org\/{rel}","templated":true}]}}