{"id":2557,"date":"2015-01-13T10:09:56","date_gmt":"2015-01-13T15:09:56","guid":{"rendered":"http:\/\/despacio.org\/?p=2557"},"modified":"2015-01-13T10:09:56","modified_gmt":"2015-01-13T15:09:56","slug":"la-bici-te-necesita","status":"publish","type":"post","link":"https:\/\/despacio.org\/en\/2015\/01\/13\/la-bici-te-necesita\/","title":{"rendered":"La bici te necesita"},"content":{"rendered":"<p><a href=\"http:\/\/despacio.org\/wp-content\/uploads\/2015\/01\/La-bici-te-necesita-FMB4-1.jpg\"><img loading=\"lazy\" decoding=\"async\" class=\"alignnone size-full wp-image-2558\" src=\"http:\/\/despacio.org\/wp-content\/uploads\/2015\/01\/La-bici-te-necesita-FMB4-1.jpg\" alt=\"La bici te necesita FMB4 (1)\" width=\"830\" height=\"827\" \/><\/a><\/p>\n<p>Del <strong>26 de febrero al 1 de marzo del 2015<\/strong>, la ciudad de la eterna primavera (Medell\u00edn) ser\u00e1 la anfitriona de la cuarta versi\u00f3n del <a title=\"FMB 4\" href=\"http:\/\/www.fmb4.org\/es\/inicio\/\" target=\"_blank\" rel=\"noopener\">Foro Mundial de la Bicicleta<\/a>, un evento dise\u00f1ado, organizado y mantenido por ciudadanos de varios pa\u00edses y cuyo objetivo es convertirse en la real voz global de los ciudadanos a favor de la movilidad sostenible. En esta versi\u00f3n el tema central ser\u00e1 el de &#8220;Ciudades para Todos \u2013 Cities for All\u201d, en donde se har\u00e1n ponencias, talleres y discusiones en torno a estrategias para mejorar las condiciones de vida de la ciudadan\u00eda y de los espacios urbanos.<\/p>\n<p>Para garantizar la realizaci\u00f3n del evento se est\u00e1 realizando una campa\u00f1a de crowdfunding que se encuentra <a href=\"http:\/\/littlebigmoney.org\/en\/ForoMundialdelaBicicleta\" target=\"_blank\" rel=\"noopener\">aqu\u00ed<\/a>\u00a0y sobre la cual solicitamos toda la colaboraci\u00f3n que pueda darse.\u00a0Quedan tan s\u00f3lo 16 d\u00edas para que la campa\u00f1a cierre, por lo que estamos en una aut\u00e9ntica cuenta regresiva para cumplir con el objetivo de recaudar un poco m\u00e1s de 12 000 USD para realizar el evento pro bicicleta m\u00e1s grande de la regi\u00f3n.<\/p>\n<p><a href=\"http:\/\/despacio.org\/wp-content\/uploads\/2015\/01\/crowfunding-6-ingles-1.png\"><img loading=\"lazy\" decoding=\"async\" class=\"alignnone size-full wp-image-2560\" src=\"http:\/\/despacio.org\/wp-content\/uploads\/2015\/01\/crowfunding-6-ingles-1.png\" alt=\"crowfunding 6 ingles (1)\" width=\"1181\" height=\"1181\" \/><\/a><\/p>","protected":false},"excerpt":{"rendered":"<p>Del 26 de febrero al 1 de marzo del 2015, la ciudad de la eterna primavera (Medell\u00edn) ser\u00e1 la anfitriona de la cuarta versi\u00f3n del Foro Mundial de la Bicicleta, un evento dise\u00f1ado, organizado y mantenido por ciudadanos de varios pa\u00edses y cuyo objetivo es convertirse en la real voz global de los ciudadanos a&hellip;<\/p>","protected":false},"author":1,"featured_media":0,"comment_status":"closed","ping_status":"open","sticky":false,"template":"","format":"standard","meta":{"_acf_changed":false,"footnotes":""},"categories":[37],"tags":[],"class_list":["post-2557","post","type-post","status-publish","format-standard","hentry","category-eventos"],"acf":[],"_links":{"self":[{"href":"https:\/\/despacio.org\/en\/wp-json\/wp\/v2\/posts\/2557","targetHints":{"allow":["GET"]}}],"collection":[{"href":"https:\/\/despacio.org\/en\/wp-json\/wp\/v2\/posts"}],"about":[{"href":"https:\/\/despacio.org\/en\/wp-json\/wp\/v2\/types\/post"}],"author":[{"embeddable":true,"href":"https:\/\/despacio.org\/en\/wp-json\/wp\/v2\/users\/1"}],"replies":[{"embeddable":true,"href":"https:\/\/despacio.org\/en\/wp-json\/wp\/v2\/comments?post=2557"}],"version-history":[{"count":0,"href":"https:\/\/despacio.org\/en\/wp-json\/wp\/v2\/posts\/2557\/revisions"}],"wp:attachment":[{"href":"https:\/\/despacio.org\/en\/wp-json\/wp\/v2\/media?parent=2557"}],"wp:term":[{"taxonomy":"category","embeddable":true,"href":"https:\/\/despacio.org\/en\/wp-json\/wp\/v2\/categories?post=2557"},{"taxonomy":"post_tag","embeddable":true,"href":"https:\/\/despacio.org\/en\/wp-json\/wp\/v2\/tags?post=2557"}],"curies":[{"name":"wp","href":"https:\/\/api.w.org\/{rel}","templated":true}]}}