{"id":25321,"date":"2023-07-13T15:01:30","date_gmt":"2023-07-13T15:01:30","guid":{"rendered":"https:\/\/www.despacio.org\/?p=25321"},"modified":"2023-07-13T15:01:30","modified_gmt":"2023-07-13T15:01:30","slug":"despacio-itdp-staff-meeting-mll-bogota-y-medellin","status":"publish","type":"post","link":"https:\/\/despacio.org\/en\/2023\/07\/13\/despacio-itdp-staff-meeting-mll-bogota-y-medellin\/","title":{"rendered":"Apoyo estrat\u00e9gico para el ITDP: Una Semana de Aprendizaje en Movilidad Sostenible en Bogot\u00e1 y Medell\u00edn"},"content":{"rendered":"<figure class=\"wp-block-image\"><img decoding=\"async\" src=\"blob:https:\/\/www.despacio.org\/cb895b2b-9af9-485f-a9a4-4815559315ad\" alt=\"\"\/><\/figure>\n\n\n\n<p>Entre el 5 y 10 de junio, nos unimos al <a href=\"https:\/\/www.itdp.org\/\">Institute for Transport and Development Policies<\/a> (ITDP) en la planeaci\u00f3n y ejecuci\u00f3n de su reuni\u00f3n anual (Staff Meeting) y el <a href=\"https:\/\/www.mobilize.itdp.org\/learning-lab\">Mobilize Learning Lab<\/a> (MLL), ambos eventos claves en la agenda de esta organizaci\u00f3n global que desarrolla proyectos para mitigar los impactos del cambio clim\u00e1tico y fomentar ciudades pr\u00f3speras, sostenibles y equitativas.<\/p>\n\n\n\n<p>Adem\u00e1s de apoyar en la planeaci\u00f3n del Staff Meeting de ITDP, tambi\u00e9n acompa\u00f1amos a sus miembros en el MLL, un laboratorio creado por la misma organizaci\u00f3n en 2016 con el objetivo de reunir expertos de todo el mundo para discutir estrategias de equidad, movilidad limpia y seguridad vial. El lugar elegido para estas actividades en 2023 fue la ciudad de Bogot\u00e1, que ha sido dos veces galardonada con el <a href=\"https:\/\/www.staward.org\/about\">Premio de Transporte Sostenible<\/a> (STA, por sus siglas en ingl\u00e9s), otorgado por el ITDP.<\/p>\n\n\n\n<p>Durante esta semana, <a href=\"https:\/\/www.itdp.org\/2023\/06\/26\/city-as-a-learning-lab-mobilize-itdp-bogota\/\" target=\"_blank\" rel=\"noreferrer noopener\">colaboramos con el ITDP<\/a> planificando recorridos en bicicleta y a pie, as\u00ed como visitas t\u00e9cnicas en colaboraci\u00f3n con la Secretar\u00eda Distrital de Movilidad. Participamos en la planeaci\u00f3n de las actividades y en la determinaci\u00f3n de los lugares de inter\u00e9s, la log\u00edstica de transporte y las estrategias de seguridad. Adem\u00e1s, participamos como ponentes en dos sesiones del MLL.<\/p>\n\n\n\n<p>Despu\u00e9s de cinco d\u00edas de actividades en Bogot\u00e1, fuimos con ellas a Medell\u00edn, y les mostramos los proyectos de movilidad sostenible de la ciudad. <\/p>\n\n\n\n<h2 class=\"wp-block-heading\" id=\"asi-fue-visita-de-itdp-a-colombia\">As\u00ed fue visita de ITDP a Colombia<\/h2>\n\n\n\n<p><strong>Recorrido en bicicleta:<\/strong><\/p>\n\n\n\n<p>Recorrimos diferentes tipos de infraestructura de Bogot\u00e1, as\u00ed como diversas intervenciones en espacio p\u00fablico. Entre estas destacan: la ciclorruta de la autopista Norte, el Canal Virrey, Carrera 11 (en acera y segregada), Calle 76 (en masa cr\u00edtica) y los alrededores de San Felipe; el parque El Virrey, Zona T, y el barrio vital San Felipe. Para este recorrido nos aliamos con Tembici Bogot\u00e1, quienes nos prestaron las bicicletas.<\/p>\n\n\n\n<figure class=\"wp-block-image size-large\"><img decoding=\"async\" src=\"https:\/\/www.despacio.org\/wp-content\/uploads\/2023\/07\/IMG_2745-1024x683.jpg\" alt=\"\" class=\"wp-image-25323\"\/><\/figure>\n\n\n\n<p><strong>Recorrido peatonal:<\/strong><\/p>\n\n\n\n<p>En este recorrido por Bogot\u00e1 caminamos por los senderos peatonales del separador de la Calle 92 y atravesamos la Carrera 13 (de norte a sur) visitando v\u00edas pacificadas y atravesando el Parque El Virrey. Fuimos hasta la Zona T y caminamos por la Carrera 15, en donde nuestros visitantes conocieron las baldosas que \u2018escupen\u2019. Este fen\u00f3meno ocurre cuando las baldosas est\u00e1n mal instaladas y permiten la acumulaci\u00f3n de agua debajo. Al pisarlas, el agua se &#8216;escupe&#8217; hacia arriba, empapando a las peatonas&#8230;\u00a0 Atravesamos Los H\u00e9roes y llegamos a San Felipe a encontrarnos con quienes estaban haciendo el recorrido en bici. Para regresar, nos subimos todas en un SITP azul que nos llev\u00f3 al hotel.<\/p>\n\n\n\n<figure class=\"wp-block-image size-large\"><img decoding=\"async\" src=\"https:\/\/www.despacio.org\/wp-content\/uploads\/2023\/07\/20230607_173933-1024x768.jpg\" alt=\"\" class=\"wp-image-25324\"\/><\/figure>\n\n\n\n<p><strong>Presentaciones en sesiones t\u00e9cnicas:<\/strong><\/p>\n\n\n\n<p>Durante el MLL hicimos tres presentaciones t\u00e9cnicas en temas de equidad y accesibilidad:<\/p>\n\n\n\n<ul class=\"wp-block-list\"><li>Enfoque de g\u00e9nero en la Estrategia de Movilidad Activa de Colombia: <strong>Alejandra Mar\u00eda \u00c1lvarez<\/strong>, nuestra l\u00edder de G\u00e9nero y ciudad, explic\u00f3 c\u00f3mo se incluyeron conceptos de inclusi\u00f3n de manera transversal.<\/li><li>Empleabilidad en electro-movilidad de transporte p\u00fablico: <strong>Mar\u00eda Fernanda Ram\u00edrez<\/strong>, nuestra l\u00edder de Movilidad sostenible y segura, habl\u00f3 de las brechas y barreras detectadas en los procesos de contrataci\u00f3n de mujeres en entornos laborales en donde la mayor\u00eda de personas que trabajan son hombres<\/li><li>Microlog\u00edstica de carga:<strong> Camilo Urbano<\/strong>, nuestro l\u00edder de Desarrollo urbano, comparti\u00f3 los la metodolog\u00eda y resultados del piloto de bici-carga de Bogot\u00e1 y la compilaci\u00f3n de resultados del estudio de casos de micro-log\u00edstica en Latinoam\u00e9rica, con los cu\u00e1les realizamos <a href=\"https:\/\/despacio.org\/en\/portfolio\/practicas-de-bicilogistica-en-america-latina\/\">una publicaci\u00f3n<\/a>.<\/li><\/ul>\n\n\n\n<p><strong>Visitas t\u00e9cnicas en Bogot\u00e1:<\/strong><\/p>\n\n\n\n<p>Acompa\u00f1amos a los visitantes a las actividades t\u00e9cnicas planeadas por la Secretar\u00eda Distrital de Movilidad y servimos de apoyo log\u00edstico, int\u00e9rpretes, enfermeras, amigas\u2026<\/p>\n\n\n\n<ul class=\"wp-block-list\"><li>El jueves por la tarde fuimos a caminar por el Eje Ambiental, conociendo el entorno urbano, la troncal de Transmilenio y la interacci\u00f3n con las aceras peatonales. Llegamos a la S\u00e9ptima peatonal, por donde caminamos hacia el norte, observando la arquitectura hist\u00f3rica de la ciudad, en compa\u00f1\u00eda de personal del IDRD (Instituto Distrital de Recreaci\u00f3n y Deporte), hasta llegar al Parque Bicentenario.<\/li><li>El viernes en la ma\u00f1ana fuimos hasta el Patio taller de La Rolita, <strong>\u00a1en buses de La Rolita!<\/strong> y conocimos las \u2018electrolineras\u2019 y los espacios comunes de conductoras y operadoras de los buses, como (las salas de descanso y salas de lactancia, por ejemplo). Despu\u00e9s fuimos hasta el Portal Tunal, a conocer los talleres de Transmi Cable y sus biciparqueaderos. Por \u00faltimo, subimos hasta la estaci\u00f3n Manitas a conocer la operaci\u00f3n de la Manzana del Cuidado de Ciudad Bol\u00edvar.<\/li><\/ul>\n\n\n\n<p>Al final del d\u00eda, nuestras visitantes estaban impresionadas con los proyectos de inclusi\u00f3n y sostenibilidad de Bogot\u00e1. \u00a1Tambi\u00e9n para nosotras fue interesante aprender m\u00e1s sobre estos proyectos!<\/p>\n\n\n\n<p><strong>Visita t\u00e9cnica en Medell\u00edn:<\/strong><\/p>\n\n\n\n<figure class=\"wp-block-image size-large\"><img decoding=\"async\" src=\"https:\/\/www.despacio.org\/wp-content\/uploads\/2023\/07\/IMG-7250-1024x768.jpg\" alt=\"\" class=\"wp-image-25322\"\/><\/figure>\n\n\n\n<p>La visita en Medell\u00edn incluy\u00f3 el transporte masivo y caminata por el centro hist\u00f3rico:<\/p>\n\n\n\n<ul class=\"wp-block-list\"><li>Recorrimos el Metropl\u00fas entre dos estaciones del corredor verde de la avenida Oriental, donde pudimos conocer el dise\u00f1o de las \u00faltimas estaciones del BRT que incluye conceptos de paisajismo acorde al contexto del corredor verde.\u00a0<\/li><li>Caminamos por el centro, donde los visitantes pudieron escuchar la historia del edificio Coltejer y del pasaje Jun\u00edn. En el recorrido aprendimos que existe el verbo \u201cjuniniar\u201d que significa sentarse en un caf\u00e9 de esta calle peatonal a conversar o a comer los postres tradicionales del Astor.<\/li><li>Vimos pasar el tranv\u00eda y su integraci\u00f3n con la estaci\u00f3n San Antonio (Metro), donde pudimos apreciar. una de las obras m\u00e1s representativas de la cultura antioque\u00f1a, plasmada en el viaducto del metro: la pintura \u201cHorizontes\u201d, obra del artista Francisco Antonio Cano.<\/li><li>Finalmente, terminamos la visita en La Alhambra, una de las calles peatonalizadas durante la implementaci\u00f3n de la Zona Urbana de Aire Protegido. Conversamos sobre las medidas de gesti\u00f3n de la demanda implementadas en la ciudad y las que est\u00e1n en fase de planificaci\u00f3n, surgiendo reflexiones sobre los retos de movilidad en la ciudad y sobre los sue\u00f1os por materializar en materia de transporte p\u00fablico: la integraci\u00f3n tarifaria de todo el sistema. Cerramos la conversaci\u00f3n en la estaci\u00f3n del Sistema de Bicicletas P\u00fablicas de Plaza de las Luces, hablando sobre la transformaci\u00f3n que debe darse al sistema EnCicla en el mediano plazo.<\/li><\/ul>\n\n\n\n<p>Despu\u00e9s de una semana de actividades, despedimos a nuestros visitantes con una larga lista de nuevos amigos y aliados para seguir trabajando por una movilidad sostenible, segura, inclusiva, as\u00ed como por ciudades a escala humana.<\/p>","protected":false},"excerpt":{"rendered":"<p>Entre el 5 y 10 de junio, nos unimos al Institute for Transport and Development Policies (ITDP) en la planeaci\u00f3n y ejecuci\u00f3n de su reuni\u00f3n anual (Staff Meeting) y el Mobilize Learning Lab (MLL), ambos eventos claves en la agenda de esta organizaci\u00f3n global que desarrolla proyectos para mitigar los impactos del cambio clim\u00e1tico y&hellip;<\/p>","protected":false},"author":1,"featured_media":25325,"comment_status":"open","ping_status":"open","sticky":false,"template":"","format":"standard","meta":{"_acf_changed":false,"footnotes":""},"categories":[31,2,383],"tags":[364,487,488,489],"class_list":["post-25321","post","type-post","status-publish","format-standard","has-post-thumbnail","hentry","category-bogota","category-ciudad","category-travel","tag-itdp","tag-mll","tag-staff-meeting","tag-visitas-tecnicas"],"acf":[],"_links":{"self":[{"href":"https:\/\/despacio.org\/en\/wp-json\/wp\/v2\/posts\/25321","targetHints":{"allow":["GET"]}}],"collection":[{"href":"https:\/\/despacio.org\/en\/wp-json\/wp\/v2\/posts"}],"about":[{"href":"https:\/\/despacio.org\/en\/wp-json\/wp\/v2\/types\/post"}],"author":[{"embeddable":true,"href":"https:\/\/despacio.org\/en\/wp-json\/wp\/v2\/users\/1"}],"replies":[{"embeddable":true,"href":"https:\/\/despacio.org\/en\/wp-json\/wp\/v2\/comments?post=25321"}],"version-history":[{"count":0,"href":"https:\/\/despacio.org\/en\/wp-json\/wp\/v2\/posts\/25321\/revisions"}],"wp:featuredmedia":[{"embeddable":true,"href":"https:\/\/despacio.org\/en\/wp-json\/wp\/v2\/media\/25325"}],"wp:attachment":[{"href":"https:\/\/despacio.org\/en\/wp-json\/wp\/v2\/media?parent=25321"}],"wp:term":[{"taxonomy":"category","embeddable":true,"href":"https:\/\/despacio.org\/en\/wp-json\/wp\/v2\/categories?post=25321"},{"taxonomy":"post_tag","embeddable":true,"href":"https:\/\/despacio.org\/en\/wp-json\/wp\/v2\/tags?post=25321"}],"curies":[{"name":"wp","href":"https:\/\/api.w.org\/{rel}","templated":true}]}}