{"id":23779,"date":"2021-07-27T17:09:34","date_gmt":"2021-07-27T17:09:34","guid":{"rendered":"https:\/\/www.despacio.org\/?p=23779"},"modified":"2021-07-27T17:09:34","modified_gmt":"2021-07-27T17:09:34","slug":"despacio-organizo-un-ciclo-de-cursos-junto-a-la-iniciativa-tumi-giz","status":"publish","type":"post","link":"https:\/\/despacio.org\/en\/2021\/07\/27\/despacio-organizo-un-ciclo-de-cursos-junto-a-la-iniciativa-tumi-giz\/","title":{"rendered":"Despacio organiz\u00f3 un ciclo de cursos junto a la Iniciativa  TUMI\/GIZ"},"content":{"rendered":"<p>Entre 2018 y 2019 realizamos una serie de cursos junto con el Ministerio Federal Alem\u00e1n de Cooperaci\u00f3n Econ\u00f3mica y Desarrollo (BMZ por sus siglas en alem\u00e1n), en el marco de su programa <em>Iniciativa de Movilidad Urbana Transformadora<\/em> (TUMI por sus siglas en ingl\u00e9s). Esta iniciativa busca promover la movilidad sostenible en entornos urbanos para asegurar un mejor futuro a sus habitantes (para conocer m\u00e1s acerca de TUMI, haz clic <a href=\"https:\/\/transformative-mobility.org\/\">aqu\u00ed<\/a>).<\/p>\n\n\n\n<p>Estos cursos se basan en una serie de cursos de capacitaci\u00f3n de la Agencia de Cooperaci\u00f3n Alemana para el Desarrollo (GIZ por sus siglas en alem\u00e1n) y su proyecto <a href=\"http:\/\/www.sutp.org\">SUTP<\/a>, que ha implementado m\u00e1s de 150 cursos en Asia, \u00c1frica y Am\u00e9rica Latina, desarrollando capacidades de m\u00e1s de 5,000 personas desde 2003.<\/p>\n\n\n\n<p>El primer curso, llamado \u201c<strong>Ciudades vivibles y centradas en las personas<\/strong>\u201d, se realiz\u00f3 los d\u00edas 5 y 6 de noviembre del 2018 en la ciudad de <strong>Guayaquil, Ecuador<\/strong> junto con el apoyo de la Autoridad de Tr\u00e1nsito Municipal (ATM). La capacitaci\u00f3n estuvo dirigida a funcionarios municipales y planificadores urbanos interesados en el tema y con capacidad de implementaci\u00f3n directa en ciudades en desarrollo. En total se cont\u00f3 con la participaci\u00f3n de 27 personas.<\/p>\n\n\n\n<p>El curso fue organizado en dos sesiones diarias y tuvo tres ejes tem\u00e1ticos que fueron:<\/p>\n\n\n\n<ol class=\"wp-block-list\" type=\"1\"><li>Presentar una revisi\u00f3n de la l\u00f3gica actual de las ciudades basadas en un desarrollo y l\u00f3gica centrado al autom\u00f3vil y las oportunidades en salud, seguridad y econom\u00eda que presenta el cambio de paradigma de ciudades centradas en las personas.<\/li><li>Revisar experiencias internacionales, regionales y nacionales, y su rol en \u00e1mbitos de planificaci\u00f3n macro, como densificaci\u00f3n o TOD (Desarrollo orientado al transporte) e intervenciones y acciones micro, como peatonalizaci\u00f3n, reducci\u00f3n de velocidades, gesti\u00f3n de estacionamiento, facilidades peatonales, etc.<\/li><li>Analizar las pol\u00edticas urbanas de largo plazo que apoyen el desarrollo de ciudades m\u00e1s caminables y que faciliten la accesibilidad y la reducci\u00f3n de distancias, generando viajes m\u00e1s cortos.<\/li><\/ol>\n\n\n\n<figure class=\"wp-block-image size-large\"><img decoding=\"async\" src=\"https:\/\/www.despacio.org\/wp-content\/uploads\/2021\/07\/IMG_5842-1024x768.jpg\" alt=\"\" class=\"wp-image-23781\"\/><\/figure>\n\n\n\n<figure class=\"wp-block-image size-large\"><img decoding=\"async\" src=\"https:\/\/www.despacio.org\/wp-content\/uploads\/2021\/07\/IMG_5913-1024x768.jpg\" alt=\"\" class=\"wp-image-23782\"\/><\/figure>\n\n\n\n<figure class=\"wp-block-image size-large\"><img decoding=\"async\" src=\"https:\/\/www.despacio.org\/wp-content\/uploads\/2021\/07\/IMG_5906-1024x768.jpg\" alt=\"\" class=\"wp-image-23789\"\/><\/figure>\n\n\n\n<p>En la programaci\u00f3n tambi\u00e9n fue incluido un ejercicio de salida a campo para observar el espacio p\u00fablico e identificar posibilidades de mejora, teniendo en cuenta los temas vistos revisados. Estas mejoras fueron identificadas en grupo en un taller pr\u00e1ctico dise\u00f1ado para hacer un mapeo colaborativo del \u00e1rea de estudio visitada.<\/p>\n\n\n\n<p>El curso se insert\u00f3 en un contexto favorable para la ciudad ya que la Alcald\u00eda de Guayaquil a trav\u00e9s de ATM est\u00e1 impulsando un proyecto de ciclo-inclusi\u00f3n para la ciudad que incluye entre otras cosas, un sistema de bicicleta p\u00fablica, el desarrollo de una pol\u00edtica y estrategia de ciclo-inclusi\u00f3n en conjunto con el desarrollo de ciclo infraestructura.<\/p>\n\n\n\n<p>En la ciudad de <strong>Santiago, Chile<\/strong> durante los d\u00edas 20 y 21 de noviembre del 2018, adelantamos el segundo curso de la iniciativa TUMI, centrado en la <strong>\u201cGesti\u00f3n de la Demanda y la Movilidad como servicio (MaaS)<\/strong>\u201d con el apoyo de la Secretar\u00eda de Planificaci\u00f3n de Transporte de Chile \u2013 SECTRA. El curso cont\u00f3 con la participaci\u00f3n de 24 funcionarios de entes municipales que trabajan temas relacionados con la movilidad y el tr\u00e1nsito en la ciudad.<\/p>\n\n\n\n<p>Este curso de capacitaci\u00f3n de dos d\u00edas busc\u00f3 presentar las tem\u00e1ticas de gesti\u00f3n de la demanda (TDM) y \u201cmovilidad como servicio\u201d (MaaS), para entender los diferentes instrumentos que se ofrecen desde estos frentes, desde la creaci\u00f3n de pol\u00edticas adecuadas de estacionamiento hasta la implementaci\u00f3n de plataformas digitales para mejorar la prestaci\u00f3n de servicio de transporte. Para ello, se realiz\u00f3 una revisi\u00f3n de conceptos b\u00e1sicos relacionados con transporte urbano sostenible, TDM, movilidad, datos y nuevas modalidades.<\/p>\n\n\n\n<figure class=\"wp-block-image size-large\"><img decoding=\"async\" src=\"https:\/\/www.despacio.org\/wp-content\/uploads\/2021\/07\/2018-11-20-09.07.34-1024x410.jpg\" alt=\"\" class=\"wp-image-23784\"\/><\/figure>\n\n\n\n<figure class=\"wp-block-image size-large\"><img decoding=\"async\" src=\"https:\/\/www.despacio.org\/wp-content\/uploads\/2021\/07\/Grupo-TDM-MaaS-2018-11-21-12.31.29-1024x768.jpg\" alt=\"\" class=\"wp-image-23785\"\/><\/figure>\n\n\n\n<p>Para ambas tem\u00e1ticas (TDM Y MaaS) se revisaron experiencias exitosas tanto en pa\u00edses desarrollados como en desarrollo, esto para contrastar las oportunidades, retos y pasos para avanzar y analizar cu\u00e1l es la situaci\u00f3n chilena en estos escenarios. A su vez, se dise\u00f1aron ejercicios grupales de aplicaci\u00f3n de conceptos, en los cuales se lograron proponer estrategias para gestionar la demanda como:<\/p>\n\n\n\n<ul class=\"wp-block-list\"><li>Redistribuci\u00f3n de perfiles viales integrales con espacios para peatones, ciclistas y autobuses.<\/li><li>Reorganizaci\u00f3n de los tiempos en los sem\u00e1foros para favorecer el transporte no motorizado.<\/li><li>Participaci\u00f3n ciudadana y marketing.<\/li><\/ul>\n\n\n\n<p>En los d\u00edas 11 y 12 de diciembre del 2018 se organiz\u00f3 en <strong>Bogot\u00e1, Colombia<\/strong>, el curso \u201c<strong>Acceso, equidad y g\u00e9nero<\/strong>\u201d junto con la Secretar\u00eda Distrital de la Mujer de Bogot\u00e1. El curso cont\u00f3 con la participaci\u00f3n de 24 personas de instituciones distritales relacionadas con la movilidad y el g\u00e9nero.<\/p>\n\n\n\n<p>El curso busc\u00f3 presentar las tem\u00e1ticas de acceso, equidad y la perspectiva de g\u00e9nero en la movilidad, con el objetivo de entender c\u00f3mo a trav\u00e9s del an\u00e1lisis del transporte sostenible, las personas pueden acceder a oportunidades y los servicios de la ciudad, considerando en esta aproximaci\u00f3n los principales aspectos del enfoque de g\u00e9nero y las problem\u00e1ticas de equidad, inclusi\u00f3n y exclusi\u00f3n socio econ\u00f3mica y demogr\u00e1fica que tienen lugar en Bogot\u00e1 y en otras ciudades a nivel mundial.<\/p>\n\n\n\n<figure class=\"wp-block-image size-large\"><img decoding=\"async\" src=\"https:\/\/www.despacio.org\/wp-content\/uploads\/2021\/07\/869f37b7-0dd1-426d-b0fa-169f31ac1376-1024x498.jpg\" alt=\"\" class=\"wp-image-23783\"\/><\/figure>\n\n\n\n<figure class=\"wp-block-image size-large\"><img decoding=\"async\" src=\"https:\/\/www.despacio.org\/wp-content\/uploads\/2021\/07\/IMG_4632-1024x768.jpg\" alt=\"\" class=\"wp-image-23791\"\/><\/figure>\n\n\n\n<p>Al igual que en los otros cursos, la programaci\u00f3n incluy\u00f3 ejercicios grupales y discusiones de casos pr\u00e1cticos en Bogot\u00e1, teniendo como eje tem\u00e1tico a la perspectiva de g\u00e9nero en la movilidad: derechos de las mujeres, roles y estereotipos, patrones de movilidad y retos. Una de las conclusiones a las que se lleg\u00f3 es que resulta crucial para lograr un transporte accesible y equitativo, la necesidad de incluir el enfoque de g\u00e9nero en las fases de planificaci\u00f3n para evitar los sesgos existentes en el proceso de medici\u00f3n que conducen al instrumento de planificaci\u00f3n de pol\u00edticas.<\/p>\n\n\n\n<p>Por \u00faltimo, en Santa Cruz de la Sierra, Bolivia, se realiz\u00f3 un curso sobre Seguridad Vial los d\u00edas 29 y 30 de enero de 2019. Este curso de capacitaci\u00f3n de dos d\u00edas busca presentar la problem\u00e1tica global de la siniestralidad vial y las herramientas de mitigaci\u00f3n, como el enfoque de sistemas seguros, la velocidad como factor de riesgo, la infraestructura segura, la tecnolog\u00eda y el control, las inspecciones de seguridad vial, las intervenciones de bajo costo y alto impacto, el empoderamiento de la comunidad, la comunicaci\u00f3n como estrategia transversal, el uso de datos de seguridad vial (tratamiento de puntos cr\u00edticos), entre otros.<\/p>\n\n\n\n<p>La capacitaci\u00f3n estuvo dirigida a funcionarios municipales y planificadores urbanos interesados en el tema y con capacidad de implementaci\u00f3n directa en Santa Cruz.<\/p>\n\n\n\n<figure class=\"wp-block-image size-large\"><img decoding=\"async\" src=\"https:\/\/www.despacio.org\/wp-content\/uploads\/2021\/07\/IMG_6847-1024x683.jpg\" alt=\"\" class=\"wp-image-23780\"\/><\/figure>\n\n\n\n<figure class=\"wp-block-image size-large\"><img decoding=\"async\" src=\"https:\/\/www.despacio.org\/wp-content\/uploads\/2021\/07\/IMG_6888-1024x683.jpg\" alt=\"\" class=\"wp-image-23788\"\/><\/figure>\n\n\n\n<figure class=\"wp-block-image size-large\"><img decoding=\"async\" src=\"https:\/\/www.despacio.org\/wp-content\/uploads\/2021\/07\/IMG_6925-1024x683.jpg\" alt=\"\" class=\"wp-image-23790\"\/><\/figure>\n\n\n\n<figure class=\"wp-block-image\"><img decoding=\"async\" src=\"\/\" alt=\"\"\/><\/figure>\n\n\n\n<p>Los cursos y discusi\u00f3n con funcionarios locales resultaron en una publicaci\u00f3n sobre Transporte Urbano Sostenible En Am\u00e9rica Latina, organizada por Despacio y TUMI y redactada por los expertos que dieron los cursos. La pueden consultar ac\u00e1: <a href=\"https:\/\/despacio.org\/en\/portfolio\/transporte-urbano-sostenible-en-america-latina\/\">https:\/\/www.despacio.org\/portfolio\/transporte-urbano-sostenible-en-america-latina\/<\/a><\/p>","protected":false},"excerpt":{"rendered":"<p>Entre 2018 y 2019 realizamos una serie de cursos junto con el Ministerio Federal Alem\u00e1n de Cooperaci\u00f3n Econ\u00f3mica y Desarrollo (BMZ por sus siglas en alem\u00e1n), en el marco de su programa Iniciativa de Movilidad Urbana Transformadora (TUMI por sus siglas en ingl\u00e9s). Esta iniciativa busca promover la movilidad sostenible en entornos urbanos para asegurar&hellip;<\/p>","protected":false},"author":1,"featured_media":23791,"comment_status":"open","ping_status":"open","sticky":false,"template":"","format":"standard","meta":{"_acf_changed":false,"footnotes":""},"categories":[2,358],"tags":[382],"class_list":["post-23779","post","type-post","status-publish","format-standard","has-post-thumbnail","hentry","category-ciudad","category-transporte-sostenible","tag-cursos"],"acf":[],"_links":{"self":[{"href":"https:\/\/despacio.org\/en\/wp-json\/wp\/v2\/posts\/23779","targetHints":{"allow":["GET"]}}],"collection":[{"href":"https:\/\/despacio.org\/en\/wp-json\/wp\/v2\/posts"}],"about":[{"href":"https:\/\/despacio.org\/en\/wp-json\/wp\/v2\/types\/post"}],"author":[{"embeddable":true,"href":"https:\/\/despacio.org\/en\/wp-json\/wp\/v2\/users\/1"}],"replies":[{"embeddable":true,"href":"https:\/\/despacio.org\/en\/wp-json\/wp\/v2\/comments?post=23779"}],"version-history":[{"count":0,"href":"https:\/\/despacio.org\/en\/wp-json\/wp\/v2\/posts\/23779\/revisions"}],"wp:featuredmedia":[{"embeddable":true,"href":"https:\/\/despacio.org\/en\/wp-json\/wp\/v2\/media\/23791"}],"wp:attachment":[{"href":"https:\/\/despacio.org\/en\/wp-json\/wp\/v2\/media?parent=23779"}],"wp:term":[{"taxonomy":"category","embeddable":true,"href":"https:\/\/despacio.org\/en\/wp-json\/wp\/v2\/categories?post=23779"},{"taxonomy":"post_tag","embeddable":true,"href":"https:\/\/despacio.org\/en\/wp-json\/wp\/v2\/tags?post=23779"}],"curies":[{"name":"wp","href":"https:\/\/api.w.org\/{rel}","templated":true}]}}