{"id":22503,"date":"2019-12-09T15:16:12","date_gmt":"2019-12-09T15:16:12","guid":{"rendered":"https:\/\/www.despacio.org\/?p=22503"},"modified":"2019-12-09T15:16:12","modified_gmt":"2019-12-09T15:16:12","slug":"vivo-mi-calle-lanza-su-primera-ruta","status":"publish","type":"post","link":"https:\/\/despacio.org\/en\/2019\/12\/09\/vivo-mi-calle-lanza-su-primera-ruta\/","title":{"rendered":"Vivo Mi Calle lanza su primera ruta para caminar y pedalear en el D\u00eda Mundial de las Ciudades"},"content":{"rendered":"<div class=\"wp-block-image\"><figure class=\"aligncenter\"><img decoding=\"async\" src=\"https:\/\/www.despacio.org\/wp-content\/uploads\/2019\/12\/31-10-16.jpg\" alt=\"\" class=\"wp-image-22504\"\/><\/figure><\/div>\n\n\n\n<p><em>Fue creada junto a estudiantes del nororiente de la ciudad, con la\nintenci\u00f3n de mejorar su calidad de vida y su experiencia al desplazarse\ndiariamente. Esta ruta hace parte del proyecto Vivo Mi Calle, que lanzamos\noficialmente el 31 de octubre con la Alcald\u00eda de Cali y WRI.<\/em><\/p>\n\n\n\n<p>Una de las maneras de promover la actividad f\u00edsica en las ciudades es por medio del uso diario de la bicicleta y la caminata, por lo cual es clave que estas formas de transporte activo sean accesibles y seguras para todas las personas. Despacio, la Alcald\u00eda de Cali y el Instituto de Recursos Mundiales (WRI, por sus siglas en ingl\u00e9s) lanzaron una nueva ruta segura para caminar y pedalear la cual fue co-creada con estudiantes de 10 a 15 a\u00f1os y quienes son el eje principal del proyecto Vivo Mi Calle.<\/p>\n\n\n\n<p>\u00c9sta es la primera ruta activa y segura presentada como parte de Vivo Mi Calle. El proyecto busca mejorar la calidad de vida y la experiencia de viajes diarios de los adolescentes, de entre 10 y 15 a\u00f1os, en barrios de bajos ingresos por medio de la promoci\u00f3n del transporte activo.<\/p>\n\n\n\n<div class=\"wp-block-image\"><figure class=\"aligncenter\"><img decoding=\"async\" src=\"https:\/\/www.despacio.org\/wp-content\/uploads\/2019\/12\/IMG_4376-1.jpg\" alt=\"\" class=\"wp-image-22508\"\/><\/figure><\/div>\n\n\n\n<p>Con Vivo Mi Calle comenzamos a trabajar en mayo de 2019, involucrando a adolescentes, a la Instituci\u00f3n Educativa Nuevo Latir, a la comunidad del barrio El Poblado II, al nororiente de Cali, y al gobierno de la ciudad. Empezamos el proceso con 100 estudiantes del colegio, que aceptaron participar en el dise\u00f1o y desarrollo de las rutas seguras y activas en las que puedan caminar y montar en bicicleta en sus trayectos cotidianos. <\/p>\n\n\n\n<p>Los j\u00f3venes han participado en talleres para identificar sus recorridos, as\u00ed como sus h\u00e1bitos, sensaciones, emociones y percepci\u00f3n de riesgo al recorrer las calles diariamente. De esta manera resultan mapas colaborativos que han servido de base para planear las intervenciones de bajo costo y alto impacto, que se presentaron el pasado 31 de octubre. Incluyeron colores, m\u00e1s plantas, dise\u00f1os de cruces peatonales seleccionados por los estudiantes y resaltos para disminuir la velocidad de quienes no respetan los l\u00edmites de velocidad.<\/p>\n\n\n\n<div class=\"wp-block-image\"><figure class=\"aligncenter\"><img decoding=\"async\" src=\"https:\/\/www.despacio.org\/wp-content\/uploads\/2019\/12\/IMG_4513-1.jpg\" alt=\"\" class=\"wp-image-22509\"\/><\/figure><\/div>\n\n\n\n<p>\u201cCon Vivo mi Calle nos unimos a la celebraci\u00f3n\ndel D\u00eda Mundial de las Ciudades presentando un proyecto que le apuesta a una\nmejor ciudad. Generar espacios m\u00e1s seguros y agradables para pedalear y\ncaminar, dise\u00f1ados con la propia comunidad, es una estrategia que tiene el\npotencial para mejorar la calidad de vida de las personas, especialmente de\nni\u00f1as y adolescentes. Su experiencia al transportarse puede mejorar si lo hacen\nen entornos urbanos que sean m\u00e1s humanos. Adem\u00e1s, esta iniciativa explora el\nuso de tecnolog\u00edas que promueven la inclusi\u00f3n social de la comunidad del barrio\nel Poblado II, por medio de los mapas colaborativos que se han generado con la\ncomunidad\u201d, explic\u00f3 Natalia Lleras, Gerente del Proyecto.<\/p>\n\n\n\n<p>\u201cEste esfuerzo colaborativo para el proyecto Vivo Mi Calle es fundamental para la calidad de vida de los ni\u00f1os y adolescentes de los barrios de bajos ingresos en Cali. Adem\u00e1s, contribuyen a la movilidad sostenible y la seguridad vial al proteger a quienes caminan y van en bicicleta, un tema clave pues en la ciudad los peatones representan casi de la mitad de las personas que mueren en las v\u00edas (44%)\u201d resalt\u00f3 Henry Mart\u00edn Uribe, Subsecretario de movilidad sostenible y seguridad vial de Cali. <\/p>\n\n\n\n<div class=\"wp-block-image\"><figure class=\"aligncenter\"><img decoding=\"async\" src=\"https:\/\/www.despacio.org\/wp-content\/uploads\/2019\/12\/IMG_4751.jpg\" alt=\"\" class=\"wp-image-22507\"\/><\/figure><\/div>\n\n\n\n<p>La primera intervenci\u00f3n de Vivo Mi\nCalle la desarrollamos en el barrio El Poblado II, ubicado en la comuna 13, y\nque ha sido priorizado por la Alcald\u00eda de Cali como territorio de inclusi\u00f3n y\noportunidades. All\u00ed se ha desarrollado un proceso comunitario para el\nfortalecimiento de la participaci\u00f3n ciudadana, la apropiaci\u00f3n del espacio\np\u00fablico y el mejoramiento de entornos seguros. Por estas razones, se realizaron\nactividades conjuntas entre estudiantes y comunidad, con el apoyo de la Secretar\u00edas\nde Educaci\u00f3n y Movilidad y la Subsecretar\u00eda de Territorios de Inclusi\u00f3n y\nOportunidades (TIO).<\/p>\n\n\n\n<p>Luego de este primer piloto, el\nequipo de Vivo Mi Calle continuar\u00e1 trabajando con la administraci\u00f3n de Cali\npara vincular a m\u00e1s estudiantes del colegio Nuevo Latir y expandir el proyecto\na otras instituciones educativas de la ciudad.<\/p>\n\n\n\n<p>_____________________________________________________________________________<\/p>\n\n\n\n<p>Para mayor informaci\u00f3n, por favor contactar a:<\/p>\n\n\n\n<p>Natalia Lleras | Gerente de Proyectos Movilidad Sostenible y Seguridad Vial | Despacio |  <a href=\"mailto:natalia@despacio.org\">natalia@despacio.org<\/a>  <\/p>\n\n\n\n<p>Comunicaciones Vivo Mi Calle | <a href=\"mailto:vivomicalle@despacio.org\">vivomicalle@despacio.org<\/a> <\/p>","protected":false},"excerpt":{"rendered":"<p>Fue creada junto a estudiantes del nororiente de la ciudad, con la intenci\u00f3n de mejorar su calidad de vida y su experiencia al desplazarse diariamente. Esta ruta hace parte del proyecto Vivo Mi Calle, que lanzamos oficialmente el 31 de octubre con la Alcald\u00eda de Cali y WRI. Una de las maneras de promover la&hellip;<\/p>","protected":false},"author":1,"featured_media":22504,"comment_status":"open","ping_status":"open","sticky":false,"template":"","format":"standard","meta":{"_acf_changed":false,"footnotes":""},"categories":[2,21,358],"tags":[377],"class_list":["post-22503","post","type-post","status-publish","format-standard","has-post-thumbnail","hentry","category-ciudad","category-proyectos","category-transporte-sostenible","tag-vivomicalle"],"acf":[],"_links":{"self":[{"href":"https:\/\/despacio.org\/en\/wp-json\/wp\/v2\/posts\/22503","targetHints":{"allow":["GET"]}}],"collection":[{"href":"https:\/\/despacio.org\/en\/wp-json\/wp\/v2\/posts"}],"about":[{"href":"https:\/\/despacio.org\/en\/wp-json\/wp\/v2\/types\/post"}],"author":[{"embeddable":true,"href":"https:\/\/despacio.org\/en\/wp-json\/wp\/v2\/users\/1"}],"replies":[{"embeddable":true,"href":"https:\/\/despacio.org\/en\/wp-json\/wp\/v2\/comments?post=22503"}],"version-history":[{"count":0,"href":"https:\/\/despacio.org\/en\/wp-json\/wp\/v2\/posts\/22503\/revisions"}],"wp:featuredmedia":[{"embeddable":true,"href":"https:\/\/despacio.org\/en\/wp-json\/wp\/v2\/media\/22504"}],"wp:attachment":[{"href":"https:\/\/despacio.org\/en\/wp-json\/wp\/v2\/media?parent=22503"}],"wp:term":[{"taxonomy":"category","embeddable":true,"href":"https:\/\/despacio.org\/en\/wp-json\/wp\/v2\/categories?post=22503"},{"taxonomy":"post_tag","embeddable":true,"href":"https:\/\/despacio.org\/en\/wp-json\/wp\/v2\/tags?post=22503"}],"curies":[{"name":"wp","href":"https:\/\/api.w.org\/{rel}","templated":true}]}}