{"id":20805,"date":"2018-01-15T19:27:21","date_gmt":"2018-01-15T19:27:21","guid":{"rendered":"https:\/\/www.despacio.org\/?p=20805"},"modified":"2018-01-15T19:27:21","modified_gmt":"2018-01-15T19:27:21","slug":"vi-taller-observatorio-de-movilidad","status":"publish","type":"post","link":"https:\/\/despacio.org\/en\/2018\/01\/15\/vi-taller-observatorio-de-movilidad\/","title":{"rendered":"VI Taller Observatorio de Movilidad"},"content":{"rendered":"<p>Uno de los grandes eventos del 2017 que organizamos y participamos fue el VI Taller del Observatorio de Movilidad del Banco de Desarrollo de Am\u00e9rica Latina &#8211; CAF que se llev\u00f3 a cabo en Bogot\u00e1 en el mes de diciembre. El evento cont\u00f3 con la participaci\u00f3n de representantes de los gobiernos de Colombia, M\u00e9xico, Panam\u00e1 y Per\u00fa; de la Universidad de los Andes, Universidad del Rosario y Universidad Cat\u00f3lica de Uruguay; de entidades del sector privado como Uber y City Parking; de organismos no gubernamentales como\u00a0ICCT y Brookings; consultores regionales de transporte y con el equipo de transporte urbano de CAF.<\/p>\n<p>Los objetivos del taller eran definir los principales retos institucionales y financieros de las ciudades de Am\u00e9rica Latina, recopilar algunas recomendaciones en materia de investigaci\u00f3n y operaci\u00f3n; y crear un espacio para explicar la incidencia de la regulaci\u00f3n y pol\u00edticas en tema de combustible y tecnolog\u00edas. Por \u00faltimo, se present\u00f3 el estado actual del\u00a0Observatorio de Movilidad &#8211; OMU que ha desarrollado CAF para discutir c\u00f3mo se pod\u00eda fortalecer e incentivar su uso.<\/p>\n<p><img loading=\"lazy\" decoding=\"async\" class=\"alignnone size-full wp-image-20809\" src=\"https:\/\/www.despacio.org\/wp-content\/uploads\/2018\/01\/foto-para-web-2.jpg\" alt=\"\" width=\"1000\" height=\"667\" \/>La jornada dej\u00f3 varias ideas importantes sobre movilidad en las ciudades, como la necesidad de tener como prioridad la sostenibilidad en programas de movilidad y resaltar el apoyo por parte de los gobiernos y las instituciones para tener un trabajo posterior a los estudios t\u00e9cnicos y continuar el proceso hasta la implementaci\u00f3n de los proyectos. Tambi\u00e9n, los asistentes resaltaron que la construcci\u00f3n de capacidades y su sostenibilidad eran temas neur\u00e1lgicos para la regi\u00f3n y que los bancos de desarrollo como CAF, pod\u00edan convertirse en una ficha esencial para alcanzar este objetivo.<\/p>\n<p>En el transcurso de los dos d\u00edas del taller, los expertos plantearon las siguientes recomendaciones para fortalecer y promover el uso del OMU:<\/p>\n<ul>\n<li>Establecer una red para intercambiar experiencias entre los actores que utilizan la plataforma.<\/li>\n<li>Implementar una estrategia digital y en medios de comunicaci\u00f3n que incentive el uso de la plataforma y que demuestre su utilidad y beneficio para las ciudades.<\/li>\n<li>Exponer los temas y resultados del Observatorio a distintos actores importantes en temas de movilidad.<\/li>\n<li>Capacitar\u00a0a diferentes grupos de inter\u00e9s en el uso de la plataforma. Por medio de webinars, visitas de estudio o hacer conferencias anuales.<\/li>\n<\/ul>\n<p>Dentro de las conclusiones del taller en temas de movilidad, se pudo establecer\u00a0la\u00a0gran importancia\u00a0que tiene para la regi\u00f3n contar con una plataforma como el Observatorio de Movilidad Urbana que ofrece CAF.\u00a0 Tambi\u00e9n, se plante\u00f3 como principal desaf\u00edo explorar\u00a0otras fuentes de recolecci\u00f3n de informaci\u00f3n que no usen los m\u00e9todos tradicionales sino que hagan uso de aplicaciones digitales. Y finalmente como\u00a0 siguiente paso, se espera que\u00a0las ciudades contin\u00faen con el proceso que ha venido haciendo el OMU y se comprometan a fortalecerlo.<\/p>\n<p><img loading=\"lazy\" decoding=\"async\" class=\"alignnone size-full wp-image-20810\" src=\"https:\/\/www.despacio.org\/wp-content\/uploads\/2018\/01\/Foto-para-web-3.jpg\" alt=\"\" width=\"1000\" height=\"667\" \/>Si quiere saber m\u00e1s sobre el taller, las conclusiones y los invitados. Escr\u00edbanos <a href=\"https:\/\/despacio.org\/en\/contactenos\/\">aqu\u00ed<\/a><\/p>","protected":false},"excerpt":{"rendered":"<p>Uno de los grandes eventos del 2017 que organizamos y participamos fue el VI Taller del Observatorio de Movilidad del Banco de Desarrollo de Am\u00e9rica Latina &#8211; CAF que se llev\u00f3 a cabo en Bogot\u00e1 en el mes de diciembre. El evento cont\u00f3 con la participaci\u00f3n de representantes de los gobiernos de Colombia, M\u00e9xico, Panam\u00e1&hellip;<\/p>","protected":false},"author":1,"featured_media":20811,"comment_status":"open","ping_status":"open","sticky":false,"template":"","format":"standard","meta":{"_acf_changed":false,"footnotes":""},"categories":[37],"tags":[195,102,347,116],"class_list":["post-20805","post","type-post","status-publish","format-standard","has-post-thumbnail","hentry","category-eventos","tag-caf","tag-movilidad","tag-observatorio-de-movilidad-urbana","tag-urban-development"],"acf":[],"_links":{"self":[{"href":"https:\/\/despacio.org\/en\/wp-json\/wp\/v2\/posts\/20805","targetHints":{"allow":["GET"]}}],"collection":[{"href":"https:\/\/despacio.org\/en\/wp-json\/wp\/v2\/posts"}],"about":[{"href":"https:\/\/despacio.org\/en\/wp-json\/wp\/v2\/types\/post"}],"author":[{"embeddable":true,"href":"https:\/\/despacio.org\/en\/wp-json\/wp\/v2\/users\/1"}],"replies":[{"embeddable":true,"href":"https:\/\/despacio.org\/en\/wp-json\/wp\/v2\/comments?post=20805"}],"version-history":[{"count":0,"href":"https:\/\/despacio.org\/en\/wp-json\/wp\/v2\/posts\/20805\/revisions"}],"wp:featuredmedia":[{"embeddable":true,"href":"https:\/\/despacio.org\/en\/wp-json\/"}],"wp:attachment":[{"href":"https:\/\/despacio.org\/en\/wp-json\/wp\/v2\/media?parent=20805"}],"wp:term":[{"taxonomy":"category","embeddable":true,"href":"https:\/\/despacio.org\/en\/wp-json\/wp\/v2\/categories?post=20805"},{"taxonomy":"post_tag","embeddable":true,"href":"https:\/\/despacio.org\/en\/wp-json\/wp\/v2\/tags?post=20805"}],"curies":[{"name":"wp","href":"https:\/\/api.w.org\/{rel}","templated":true}]}}