{"id":1956,"date":"2014-07-20T10:27:24","date_gmt":"2014-07-20T15:27:24","guid":{"rendered":"http:\/\/despacio.org\/?p=1956"},"modified":"2014-07-20T10:27:24","modified_gmt":"2014-07-20T15:27:24","slug":"lima-despacio-con-cicloaxion","status":"publish","type":"post","link":"https:\/\/despacio.org\/en\/2014\/07\/20\/lima-despacio-con-cicloaxion\/","title":{"rendered":"Lima Despacio con Cicloaxi\u00f3n"},"content":{"rendered":"<p><a href=\"http:\/\/despacio.org\/wp-content\/uploads\/2014\/07\/Lima-charla-cicloaxion-Cynthia-Yamamoto-cropped.jpg\"><img loading=\"lazy\" decoding=\"async\" class=\"aligncenter size-large wp-image-1957\" src=\"http:\/\/despacio.org\/wp-content\/uploads\/2014\/07\/Lima-charla-cicloaxion-Cynthia-Yamamoto-cropped-1024x670.jpg\" alt=\"Lima - charla - cicloaxion - Cynthia Yamamoto cropped\" width=\"584\" height=\"382\" \/><\/a><\/p>\n<p>Carlosfelipe Pardo tuvo un conversatorio sobre &#8220;C\u00f3mo promover el uso de la bici desde la ciudadan\u00eda&#8221; convocado por <a href=\"http:\/\/www.cicloaxion.org\/index.php?option=com_content&amp;view=article&amp;id=182:2014-07-17-21-06-32&amp;catid=36:activismo&amp;Itemid=55\" target=\"_blank\" rel=\"noopener\">Cicloaxi\u00f3n <\/a>en Lima el s\u00e1bado 19 de Julio. Adem\u00e1s, lo llevaron de paseito hasta el centro de Lima.\u00a0Antes de eso, el viernes 18 de Julio dio una presentaci\u00f3n sobre transporte sostenible y velocidad en la PUCP durante su Congreso de Construtecnia.<\/p>\n<p><em>(foto por Cynthia Yamamoto)<\/em><\/p>","protected":false},"excerpt":{"rendered":"<p>Carlosfelipe Pardo tuvo un conversatorio sobre &#8220;C\u00f3mo promover el uso de la bici desde la ciudadan\u00eda&#8221; convocado por Cicloaxi\u00f3n en Lima el s\u00e1bado 19 de Julio. Adem\u00e1s, lo llevaron de paseito hasta el centro de Lima.\u00a0Antes de eso, el viernes 18 de Julio dio una presentaci\u00f3n sobre transporte sostenible y velocidad en la PUCP durante&hellip;<\/p>","protected":false},"author":1,"featured_media":0,"comment_status":"closed","ping_status":"open","sticky":false,"template":"","format":"standard","meta":{"_acf_changed":false,"footnotes":""},"categories":[37],"tags":[],"class_list":["post-1956","post","type-post","status-publish","format-standard","hentry","category-eventos"],"acf":[],"_links":{"self":[{"href":"https:\/\/despacio.org\/en\/wp-json\/wp\/v2\/posts\/1956","targetHints":{"allow":["GET"]}}],"collection":[{"href":"https:\/\/despacio.org\/en\/wp-json\/wp\/v2\/posts"}],"about":[{"href":"https:\/\/despacio.org\/en\/wp-json\/wp\/v2\/types\/post"}],"author":[{"embeddable":true,"href":"https:\/\/despacio.org\/en\/wp-json\/wp\/v2\/users\/1"}],"replies":[{"embeddable":true,"href":"https:\/\/despacio.org\/en\/wp-json\/wp\/v2\/comments?post=1956"}],"version-history":[{"count":0,"href":"https:\/\/despacio.org\/en\/wp-json\/wp\/v2\/posts\/1956\/revisions"}],"wp:attachment":[{"href":"https:\/\/despacio.org\/en\/wp-json\/wp\/v2\/media?parent=1956"}],"wp:term":[{"taxonomy":"category","embeddable":true,"href":"https:\/\/despacio.org\/en\/wp-json\/wp\/v2\/categories?post=1956"},{"taxonomy":"post_tag","embeddable":true,"href":"https:\/\/despacio.org\/en\/wp-json\/wp\/v2\/tags?post=1956"}],"curies":[{"name":"wp","href":"https:\/\/api.w.org\/{rel}","templated":true}]}}