{"id":1953,"date":"2014-07-15T17:27:18","date_gmt":"2014-07-15T22:27:18","guid":{"rendered":"http:\/\/despacio.org\/?p=1953"},"modified":"2014-07-15T17:27:18","modified_gmt":"2014-07-15T22:27:18","slug":"presentacion-sobre-promocion-de-bicicleta-en-u-andes","status":"publish","type":"post","link":"https:\/\/despacio.org\/en\/2014\/07\/15\/presentacion-sobre-promocion-de-bicicleta-en-u-andes\/","title":{"rendered":"Presentaci\u00f3n sobre promoci\u00f3n de bicicleta en U Andes"},"content":{"rendered":"<p>Carlosfelipe Pardo present\u00f3 una parte del trabajo que se est\u00e1 realizando para comprender la situaci\u00f3n actual del uso de la bicicleta en Bogot\u00e1 durante un evento en la Universidad de los Andes llamado &#8220;Seminario de Desarrollo Sostenible e Integral de la Movilidad. Miradas de Europa y Am\u00e9rica Latina&#8221;. La presentaci\u00f3n est\u00e1 disponible aqu\u00ed:\u00a0<a href=\"http:\/\/despacio.org\/wp-content\/uploads\/2014\/07\/20140712-bicis-promocion-bogota.pdf\">20140712-bicis-promocion-bogota<\/a>.<\/p>\n<p>La p\u00e1gina del evento est\u00e1 <a href=\"http:\/\/seminariodesarrollourbano.uniandes.edu.co\" target=\"_blank\" rel=\"noopener\">aqu\u00ed<\/a>.<\/p>","protected":false},"excerpt":{"rendered":"<p>Carlosfelipe Pardo present\u00f3 una parte del trabajo que se est\u00e1 realizando para comprender la situaci\u00f3n actual del uso de la bicicleta en Bogot\u00e1 durante un evento en la Universidad de los Andes llamado &#8220;Seminario de Desarrollo Sostenible e Integral de la Movilidad. Miradas de Europa y Am\u00e9rica Latina&#8221;. La presentaci\u00f3n est\u00e1 disponible aqu\u00ed:\u00a020140712-bicis-promocion-bogota. La p\u00e1gina&hellip;<\/p>","protected":false},"author":1,"featured_media":0,"comment_status":"closed","ping_status":"open","sticky":false,"template":"","format":"standard","meta":{"_acf_changed":false,"footnotes":""},"categories":[2,37],"tags":[],"class_list":["post-1953","post","type-post","status-publish","format-standard","hentry","category-ciudad","category-eventos"],"acf":[],"_links":{"self":[{"href":"https:\/\/despacio.org\/en\/wp-json\/wp\/v2\/posts\/1953","targetHints":{"allow":["GET"]}}],"collection":[{"href":"https:\/\/despacio.org\/en\/wp-json\/wp\/v2\/posts"}],"about":[{"href":"https:\/\/despacio.org\/en\/wp-json\/wp\/v2\/types\/post"}],"author":[{"embeddable":true,"href":"https:\/\/despacio.org\/en\/wp-json\/wp\/v2\/users\/1"}],"replies":[{"embeddable":true,"href":"https:\/\/despacio.org\/en\/wp-json\/wp\/v2\/comments?post=1953"}],"version-history":[{"count":0,"href":"https:\/\/despacio.org\/en\/wp-json\/wp\/v2\/posts\/1953\/revisions"}],"wp:attachment":[{"href":"https:\/\/despacio.org\/en\/wp-json\/wp\/v2\/media?parent=1953"}],"wp:term":[{"taxonomy":"category","embeddable":true,"href":"https:\/\/despacio.org\/en\/wp-json\/wp\/v2\/categories?post=1953"},{"taxonomy":"post_tag","embeddable":true,"href":"https:\/\/despacio.org\/en\/wp-json\/wp\/v2\/tags?post=1953"}],"curies":[{"name":"wp","href":"https:\/\/api.w.org\/{rel}","templated":true}]}}