{"id":19033,"date":"2017-04-16T17:33:19","date_gmt":"2017-04-16T17:33:19","guid":{"rendered":"http:\/\/despacio.org\/?p=19033"},"modified":"2017-04-16T17:33:19","modified_gmt":"2017-04-16T17:33:19","slug":"omu-caf","status":"publish","type":"post","link":"https:\/\/despacio.org\/en\/2017\/04\/16\/omu-caf\/","title":{"rendered":"Observatorio de Movilidad Urbana &#8211; CAF"},"content":{"rendered":"<p>Durante el 2015 y el 2016 estuvimos apoyando a <a href=\"https:\/\/www.caf.com\/\" target=\"_blank\">CAF &#8211; Banco de desarrollo de Am\u00e9rica Latina<\/a> en la actualizaci\u00f3n del <a href=\"https:\/\/www.caf.com\/es\/temas\/o\/observatorio-de-movilidad-urbana\/\" target=\"_blank\">Observatorio de Movilidad Urbana<\/a> (OMU) en Colombia. En\u00a0este tiempo estuvimos recopilando datos sobre seis aglomeraciones urbanas\u00a0del pa\u00eds: Barranquilla, Bogot\u00e1, Cali, Medell\u00edn, Monter\u00eda y Pereira.<\/p>\n<p>El OMU busca tener informaci\u00f3n actualizada en temas de transporte urbano en las ciudades de Am\u00e9rica Latina, con el fin de tener un diagn\u00f3stico de la regi\u00f3n en t\u00e9rminos de movilidad urbana; comprender mejor la relaci\u00f3n entre el transporte y el desarrollo urbano; apoyar la formulaci\u00f3n de pol\u00edticas p\u00fablicas; promover el intercambio de informaci\u00f3n y buenas pr\u00e1cticas; y establecer redes de cooperaci\u00f3n.<\/p>\n<p>Para compilar los datos necesarios consultamos fuentes de informaci\u00f3n oficiales, hicimos visitas de campo y hablamos con expertos. Recopilamos indicadores sobre varios temas relacionados con la movilidad urbana, incluyendo variables socioecon\u00f3micas, datos de infraestructura e indicadores de distribuci\u00f3n modal, flota y seguridad vial.<\/p>\n<p><a href=\"http:\/\/despacio.org\/wp-content\/uploads\/2017\/04\/GraficasPostOMU_2_LR.jpg\"><img loading=\"lazy\" decoding=\"async\" class=\"size-full wp-image-19088 aligncenter\" src=\"http:\/\/despacio.org\/wp-content\/uploads\/2017\/04\/GraficasPostOMU_2_LR.jpg\" alt=\"\" width=\"700\" height=\"494\" \/><\/a><\/p>\n<p>Adem\u00e1s de la recopilaci\u00f3n de datos, apoyamos a CAF en la organizaci\u00f3n de un evento lateral durante la conferencia <a href=\"http:\/\/despacio.org\/en\/2016\/08\/25\/habitat-iii-despacio\/\" target=\"_blank\">H\u00e1bitat III<\/a>, en el que se hizo el lanzamiento del OMU y se presentaron los principales resultados.<\/p>\n<p><a href=\"http:\/\/despacio.org\/wp-content\/uploads\/2017\/04\/Panel-evento-LR.jpg\"><img loading=\"lazy\" decoding=\"async\" class=\"size-full wp-image-19091 aligncenter\" src=\"http:\/\/despacio.org\/wp-content\/uploads\/2017\/04\/Panel-evento-LR.jpg\" alt=\"\" width=\"700\" height=\"393\" \/><\/a><\/p>","protected":false},"excerpt":{"rendered":"<p>Durante el 2015 y el 2016 estuvimos apoyando a CAF &#8211; Banco de desarrollo de Am\u00e9rica Latina en la actualizaci\u00f3n del Observatorio de Movilidad Urbana (OMU) en Colombia. En\u00a0este tiempo estuvimos recopilando datos sobre seis aglomeraciones urbanas\u00a0del pa\u00eds: Barranquilla, Bogot\u00e1, Cali, Medell\u00edn, Monter\u00eda y Pereira. El OMU busca tener informaci\u00f3n actualizada en temas de transporte&hellip;<\/p>","protected":false},"author":1,"featured_media":19093,"comment_status":"closed","ping_status":"open","sticky":false,"template":"","format":"standard","meta":{"_acf_changed":false,"footnotes":""},"categories":[2,21],"tags":[195,326,327],"class_list":["post-19033","post","type-post","status-publish","format-standard","has-post-thumbnail","hentry","category-ciudad","category-proyectos","tag-caf","tag-habitat3","tag-omu"],"acf":[],"_links":{"self":[{"href":"https:\/\/despacio.org\/en\/wp-json\/wp\/v2\/posts\/19033","targetHints":{"allow":["GET"]}}],"collection":[{"href":"https:\/\/despacio.org\/en\/wp-json\/wp\/v2\/posts"}],"about":[{"href":"https:\/\/despacio.org\/en\/wp-json\/wp\/v2\/types\/post"}],"author":[{"embeddable":true,"href":"https:\/\/despacio.org\/en\/wp-json\/wp\/v2\/users\/1"}],"replies":[{"embeddable":true,"href":"https:\/\/despacio.org\/en\/wp-json\/wp\/v2\/comments?post=19033"}],"version-history":[{"count":0,"href":"https:\/\/despacio.org\/en\/wp-json\/wp\/v2\/posts\/19033\/revisions"}],"wp:featuredmedia":[{"embeddable":true,"href":"https:\/\/despacio.org\/en\/wp-json\/"}],"wp:attachment":[{"href":"https:\/\/despacio.org\/en\/wp-json\/wp\/v2\/media?parent=19033"}],"wp:term":[{"taxonomy":"category","embeddable":true,"href":"https:\/\/despacio.org\/en\/wp-json\/wp\/v2\/categories?post=19033"},{"taxonomy":"post_tag","embeddable":true,"href":"https:\/\/despacio.org\/en\/wp-json\/wp\/v2\/tags?post=19033"}],"curies":[{"name":"wp","href":"https:\/\/api.w.org\/{rel}","templated":true}]}}