{"id":17507,"date":"2014-04-15T14:00:06","date_gmt":"2014-04-15T19:00:06","guid":{"rendered":"http:\/\/despacio.org\/?p=17507"},"modified":"2014-04-15T14:00:06","modified_gmt":"2014-04-15T19:00:06","slug":"actividades-cheveres-wuf7","status":"publish","type":"post","link":"https:\/\/despacio.org\/en\/2014\/04\/15\/actividades-cheveres-wuf7\/","title":{"rendered":"Actividades Ch\u00e9veres WUF7"},"content":{"rendered":"<h3><strong>Muro &#8220;Antes de Morir Quiero&#8221;<\/strong><\/h3>\n<p><a href=\"http:\/\/despacio.org\/wp-content\/uploads\/2014\/05\/Medellin-WUF-stand-3.jpg\"><img loading=\"lazy\" decoding=\"async\" class=\"alignnone wp-image-1862\" src=\"http:\/\/despacio.org\/wp-content\/uploads\/2014\/05\/Medellin-WUF-stand-3.jpg\" alt=\"Medellin-WUF-stand-3\" width=\"363\" height=\"418\" \/><\/a><\/p>\n<p>La idea del muro de \u201cantes de morir quiero\u201d fue de Candy Chang, quien en su libro describiendo la idea dice que su motivaci\u00f3n para hacerlo fue la de comprender bien una etapa de la vida que normalmente se evade (la muerte) y utilizarlo como reflexi\u00f3n para las cosas que cada persona podr\u00eda hacer en el resto de su vida (la iniciativa tiene p\u00e1gina web en <a href=\"http:\/\/beforeidie.cc\/\">http:\/\/beforeidie.cc<\/a> ) . Este muro fue realizado por primera vez en Nueva Orleans, y se ha realizado en m\u00e1s de 200 ciudades del mundo seg\u00fan la gu\u00eda detallada que describen los organizadores de la iniciativa en su p\u00e1gina web (v\u00e9ase <a href=\"http:\/\/beforeidie.cc\/site\/build-your-own-before-i-die-wall\/\">http:\/\/beforeidie.cc\/site\/build-your-own-before-i-die-wall\/<\/a> ). Para m\u00e1s informaci\u00f3n, entrar a este <a href=\"http:\/\/despacio.org\/en\/2014\/04\/15\/muro-antes-de-morir-quiero\/ \/\">link<\/a>.<\/p>\n<h3><strong>Implementaci\u00f3n de la Ruta Segura al WUF7<\/strong><\/h3>\n<p><a title=\"rutasegurawuf7-grupo-1 por deespacio, en Flickr\" href=\"https:\/\/www.flickr.com\/photos\/slowresearch\/13635177093\/\"><img loading=\"lazy\" decoding=\"async\" src=\"https:\/\/farm3.staticflickr.com\/2916\/13635177093_127bb405d1.jpg\" alt=\"rutasegurawuf7-grupo-1\" width=\"500\" height=\"332\" \/><\/a><\/p>\n<p>Como parte de nuestro trabajo con ONU H\u00e1bitat y para apoyar el mejoramiento del transporte no motorizado en el \u00c1rea Metropolitana del Valle de Aburr\u00e1, implementamos junto con AMVA (el gobierno del \u00c1rea Metropolitana) una Ruta Segura al Foro Urbano Mundial que mejor\u00f3 las condiciones para quienes llegaran en bicicleta al Foro y m\u00e1s all\u00e1. Si quieren ver m\u00e1s informaci\u00f3n al respecto, busquen el hashtag #Rutasegurawuf7 en <a href=\"https:\/\/www.facebook.com\/hashtag\/rutasegurawuf7\" target=\"_blank\" rel=\"noopener\">Facebook <\/a>y en <a href=\"https:\/\/twitter.com\/search?q=%23rutaseguraWUF7&amp;src=typd\" target=\"_blank\" rel=\"noopener\">Twitter <\/a>. Tambi\u00e9n hay algunos posts en blogs sobre este tema (uno de el <a href=\"http:\/\/blogs.iadb.org\/moviliblog\/2014\/04\/17\/espacio-para-todos-la-rutasegurawuf7-del-foro\/\" target=\"_blank\" rel=\"noopener\">Banco Interamericano de Desarrollo<\/a> y otro de <a href=\"http:\/\/blogs.eltiempo.com\/despacio\/2014\/04\/19\/la-amenaza-del-foro-urbano-mundial-la-ruta-segura\/\" target=\"_blank\" rel=\"noopener\">Pardo en El Tiempo<\/a>), y hasta videos! Para ver el informe completo,<a href=\"http:\/\/despacio.org\/en\/2014\/04\/15\/implementacion-de-la-ruta-segura\/\"> click ac\u00e1<\/a>.<\/p>\n<h3><strong>Visita experiencial de la Ruta Segura al WUF7<\/strong><\/h3>\n<p><a title=\"Medellin-Ruta-Segura-154 por deespacio, en Flickr\" href=\"https:\/\/www.flickr.com\/photos\/slowresearch\/13848476283\/\"><img loading=\"lazy\" decoding=\"async\" src=\"https:\/\/farm8.staticflickr.com\/7249\/13848476283_43ede7b6b3.jpg\" alt=\"Medellin-Ruta-Segura-154\" width=\"500\" height=\"333\" \/><\/a><\/p>\n<p>La visita experiencial de la Ruta Segura ten\u00eca como principal objetivo el de presentar de una manera formal a las personas que asistieron al Foro Urbano Mundial. Entre estas personas, estaban funcionarios de ONU-H\u00e0bitat, ITDP entre otros. Se les present\u00f2 y explic\u00f2 a los asistentes todo el desarrollo del proyecto desde la instalaci\u00f2n de cicloparqueaderos en Plaza Mayor hasta las diferentes etapas de la puesta en marcha de la Ruta; convocar a la comunidad, pintar el ciclocarril, pintar las materas y bolardos, sembrar las plantas, entre otros. Al final del recorrido, los asistentes se mostraron gratamente agradecidos por el recorrido as\u00ec como por la iniciativa de la ciudad de Medell\u00ecn por brindarle este tipo de espacios para los ciclistas.\u00a0Para m\u00e1s informaci\u00f3n, entrar a este\u00a0<a href=\"http:\/\/despacio.org\/en\/2014\/04\/15\/visita-experiencial-de-la-ruta-segura\/\">link<\/a>.<\/p>\n<h3><strong>Visita T\u00e9cnica (Medell\u00edn, Bogot\u00e1, Pereira)<\/strong><\/h3>\n<p><a href=\"http:\/\/despacio.org\/wp-content\/uploads\/2014\/04\/Study-Tour-Bogota-bici.jpg\"><img loading=\"lazy\" decoding=\"async\" class=\"size-full wp-image-1646 alignnone\" src=\"http:\/\/despacio.org\/wp-content\/uploads\/2014\/04\/Study-Tour-Bogota-bici.jpg\" alt=\"Study Tour Bogota bici\" width=\"1024\" height=\"743\" \/><\/a><\/p>\n<p>Durante Abril 12-16, tuvimos la oportunidad de llevar a un grupo de personas a visitar los sitios m\u00e1s importantes de proyectos de transporte en Medell\u00edn, Bogot\u00e1 y Pereira. Estuvimos en todos los sistemas de transporte masivo existentes en esas ciudades y adem\u00e1s montamos en bicicleta, visitamos obras&#8230; esperamos tener un informe pronto. Y si se emocionan a participar en una de las pr\u00f3ximas visitas t\u00e9cnicas, son bienvenidos!\u00a0Para ver el informe completo,<a href=\"http:\/\/despacio.org\/en\/wuf7\/actividades-cheveres\/implementacion-de-la-ruta-segura-al-wuf7\/\">\u00a0<\/a><a href=\"http:\/\/despacio.org\/en\/2014\/04\/15\/visita-tecnica-a-medellin-bogota-y-pereira\/\">click ac\u00e1.<\/a><a href=\"http:\/\/despacio.org\/wp-content\/uploads\/2014\/04\/Study-Tour-Bogota-TM-bike-parking.jpg\"><br \/>\n<\/a><a href=\"http:\/\/despacio.org\/wp-content\/uploads\/2014\/04\/STudy-Tour-Bogota-TM.jpg\"><br \/>\n<\/a><\/p>","protected":false},"excerpt":{"rendered":"<p>Muro &#8220;Antes de Morir Quiero&#8221; La idea del muro de \u201cantes de morir quiero\u201d fue de Candy Chang, quien en su libro describiendo la idea dice que su motivaci\u00f3n para hacerlo fue la de comprender bien una etapa de la vida que normalmente se evade (la muerte) y utilizarlo como reflexi\u00f3n para las cosas que&hellip;<\/p>","protected":false},"author":1,"featured_media":0,"comment_status":"closed","ping_status":"open","sticky":false,"template":"","format":"standard","meta":{"_acf_changed":false,"footnotes":""},"categories":[2,41,38],"tags":[95,107,108,93],"class_list":["post-17507","post","type-post","status-publish","format-standard","hentry","category-ciudad","category-experimentos","category-vida","tag-medellin","tag-ruta-segura","tag-visita-tecnica","tag-wuf7"],"acf":[],"_links":{"self":[{"href":"https:\/\/despacio.org\/en\/wp-json\/wp\/v2\/posts\/17507","targetHints":{"allow":["GET"]}}],"collection":[{"href":"https:\/\/despacio.org\/en\/wp-json\/wp\/v2\/posts"}],"about":[{"href":"https:\/\/despacio.org\/en\/wp-json\/wp\/v2\/types\/post"}],"author":[{"embeddable":true,"href":"https:\/\/despacio.org\/en\/wp-json\/wp\/v2\/users\/1"}],"replies":[{"embeddable":true,"href":"https:\/\/despacio.org\/en\/wp-json\/wp\/v2\/comments?post=17507"}],"version-history":[{"count":0,"href":"https:\/\/despacio.org\/en\/wp-json\/wp\/v2\/posts\/17507\/revisions"}],"wp:attachment":[{"href":"https:\/\/despacio.org\/en\/wp-json\/wp\/v2\/media?parent=17507"}],"wp:term":[{"taxonomy":"category","embeddable":true,"href":"https:\/\/despacio.org\/en\/wp-json\/wp\/v2\/categories?post=17507"},{"taxonomy":"post_tag","embeddable":true,"href":"https:\/\/despacio.org\/en\/wp-json\/wp\/v2\/tags?post=17507"}],"curies":[{"name":"wp","href":"https:\/\/api.w.org\/{rel}","templated":true}]}}