{"id":17399,"date":"2016-05-27T14:47:42","date_gmt":"2016-05-27T14:47:42","guid":{"rendered":"http:\/\/despacio.org\/?p=17399"},"modified":"2016-05-27T14:47:42","modified_gmt":"2016-05-27T14:47:42","slug":"taller-sobre-acciones-de-mitigacion","status":"publish","type":"post","link":"https:\/\/despacio.org\/en\/2016\/05\/27\/taller-sobre-acciones-de-mitigacion\/","title":{"rendered":"Taller sobre acciones de mitigaci\u00f3n"},"content":{"rendered":"<p>La semana pasada Despacio realiz\u00f3 un taller interactivo para el <a href=\"https:\/\/www.mintransporte.gov.co\/\">Ministerio de Transporte de Colombia<\/a>\u00a0sobre su <a href=\"https:\/\/www.minambiente.gov.co\/index.php\/component\/content\/article?id=470:plantilla-cambio-climatico-26\">Plan de Acci\u00f3n Sectorial<\/a>\u00a0(PAS)\u00a0para la mitigaci\u00f3n del cambio clim\u00e1tico\u00a0en el sector transporte.\u00a0\u00a0Con este fin, Despacio coordin\u00f3 toda la log\u00edstica del evento, incluyendo las invitaciones a los funcionarios relevantes, una gu\u00eda t\u00e9cnica sobre las actividades, un informe sobre la percepci\u00f3n de los asistentes y otra resumiendo\u00a0los comentarios y propuestas que surgieron\u00a0durante el taller\u00a0acerca\u00a0del tema del PAS. Durante la jornada, Despacio estaba encargado\u00a0de moderar las discusiones en grupo y relatar las conclusiones principales de cada una.<\/p>\n<p>El taller busc\u00f3 generar un diagn\u00f3stico para la implementaci\u00f3n del PAS de mitigaci\u00f3n para el sector transporte, el cual contribuye de <a href=\"http:\/\/despacio.org\/en\/2016\/04\/20\/meta-15-grados\/\">forma significativa<\/a> a las emisiones de CO2\u00a0en el pa\u00eds. Durante las sesiones del taller, se discutieron algunos procesos ya en curso, como la sostenibilidad del transporte p\u00fablico y las cadenas log\u00edsticas. Asimismo, los\u00a0participantes priorizaron\u00a0algunos proyectos para mitigar\u00a0las emisiones sectoriales, incluyendo\u00a0&#8220;un plan maestro intermodal&#8221; para el transporte de pasajeros y carga, la ampliaci\u00f3n de la ciclo-infraestructura en las ciudades colombianas y una <a href=\"https:\/\/www.minambiente.gov.co\/images\/cambioclimatico\/pdf\/Accion_nacional_Ambiental_\/Documento_de_NAMAs.pdf\">NAMA<\/a>\u00a0para el transporte sostenible.<\/p>\n<p>El equipo de Despacio aprendi\u00f3 mucho sobre c\u00f3mo los objetivos de PAS pueden vincularse con entidades p\u00fablicas y privadas para mitigar el cambio clim\u00e1tico en Colombia. Agradecemos a todos las personas que participaron en el taller y al Ministerio por darnos la oportunidad de realizar este interesante\u00a0evento.<\/p>\n<p>&nbsp;<\/p>\n<p><img loading=\"lazy\" decoding=\"async\" class=\"size-large wp-image-17401 alignnone\" src=\"http:\/\/despacio.org\/wp-content\/uploads\/2016\/05\/x-Taller-PAS-MinTransporte-335-1024x683.jpg\" alt=\"x Taller PAS MinTransporte 335\" width=\"1024\" height=\"683\" \/><\/p>","protected":false},"excerpt":{"rendered":"<p>La semana pasada Despacio realiz\u00f3 un taller interactivo para el Ministerio de Transporte de Colombia\u00a0sobre su Plan de Acci\u00f3n Sectorial\u00a0(PAS)\u00a0para la mitigaci\u00f3n del cambio clim\u00e1tico\u00a0en el sector transporte.\u00a0\u00a0Con este fin, Despacio coordin\u00f3 toda la log\u00edstica del evento, incluyendo las invitaciones a los funcionarios relevantes, una gu\u00eda t\u00e9cnica sobre las actividades, un informe sobre la percepci\u00f3n&hellip;<\/p>","protected":false},"author":1,"featured_media":17400,"comment_status":"closed","ping_status":"open","sticky":false,"template":"","format":"standard","meta":{"_acf_changed":false,"footnotes":""},"categories":[39,37],"tags":[295,105,299],"class_list":["post-17399","post","type-post","status-publish","format-standard","has-post-thumbnail","hentry","category-clima","category-eventos","tag-ministerio-de-transporte","tag-mitigacion","tag-taller"],"acf":[],"_links":{"self":[{"href":"https:\/\/despacio.org\/en\/wp-json\/wp\/v2\/posts\/17399","targetHints":{"allow":["GET"]}}],"collection":[{"href":"https:\/\/despacio.org\/en\/wp-json\/wp\/v2\/posts"}],"about":[{"href":"https:\/\/despacio.org\/en\/wp-json\/wp\/v2\/types\/post"}],"author":[{"embeddable":true,"href":"https:\/\/despacio.org\/en\/wp-json\/wp\/v2\/users\/1"}],"replies":[{"embeddable":true,"href":"https:\/\/despacio.org\/en\/wp-json\/wp\/v2\/comments?post=17399"}],"version-history":[{"count":0,"href":"https:\/\/despacio.org\/en\/wp-json\/wp\/v2\/posts\/17399\/revisions"}],"wp:featuredmedia":[{"embeddable":true,"href":"https:\/\/despacio.org\/en\/wp-json\/"}],"wp:attachment":[{"href":"https:\/\/despacio.org\/en\/wp-json\/wp\/v2\/media?parent=17399"}],"wp:term":[{"taxonomy":"category","embeddable":true,"href":"https:\/\/despacio.org\/en\/wp-json\/wp\/v2\/categories?post=17399"},{"taxonomy":"post_tag","embeddable":true,"href":"https:\/\/despacio.org\/en\/wp-json\/wp\/v2\/tags?post=17399"}],"curies":[{"name":"wp","href":"https:\/\/api.w.org\/{rel}","templated":true}]}}