{"id":16731,"date":"2016-02-05T15:07:01","date_gmt":"2016-02-05T15:07:01","guid":{"rendered":"http:\/\/despacio.org\/?p=16731"},"modified":"2016-02-05T15:07:01","modified_gmt":"2016-02-05T15:07:01","slug":"dia-sin-carro-2016","status":"publish","type":"post","link":"https:\/\/despacio.org\/en\/2016\/02\/05\/dia-sin-carro-2016\/","title":{"rendered":"D\u00eda Sin Carro 2016"},"content":{"rendered":"<p>El d\u00eda de ayer, jueves 4 de febrero, junto a todo el equipo Despacio quisimos hacernos parte del D\u00eda Sin Carro 2016. Para celebrar decidimos montar una serie de actividades en alianza con <a href=\"http:\/\/city-parking.com\/\">CityParking<\/a> y con el apoyo de <a href=\"http:\/\/bicivilizate.com\">Bicivil\u00edzate<\/a> (nuestro aliado en Chile). Para esto nos instalamos en la carrera 11 con calle 84 con el stand Despacio a hacer ajustes b\u00e1sicos gratis a las bicicletas, invitamos a la gente a adivinar cu\u00e1ntas bicicletas caben en espacio que utiliza un auto pareado y celebramos la recuperaci\u00f3n del espacio peatonal en el and\u00e9n de la carrera 11 debido a que la ciclorruta tiene un nuevo emplazamiento en la calzada.\u00a0Decidimos\u00a0realizar las actividades sobre la Carrera 11 porque es un lugar comercial central\u00a0donde pasan muchas personas en bicicleta, hay un alto flujo de peatones, taxis y buses.<\/p>\n<h3>Bicicletas consentidas: Mec\u00e1nica simple y gratis.<\/h3>\n<p>Pues una parte importante de tener una buena experiencia de pedaleo, adem\u00e1s de buena infraestructura, c\u00f3moda, segura, coherente\u2026 (podr\u00e1n ver pronto los detalles en la nueva gu\u00eda de ciclo-infraestructura para las ciudades colombianas), es tener su bici en buenas condiciones, con frenos que frenen, las llantas con el aire adecuado y el sill\u00edn a la altura correcta, entre otras. Pues con el apoyo de un mec\u00e1nico de bicis profesional y el equipo Despacio ajustamos y regulamos cerca de 15 bicicletas, con lo que esperamos haber ayudado a esas personas a tener viajes m\u00e1s c\u00f3modos.<\/p>\n<p><a href=\"http:\/\/despacio.org\/wp-content\/uploads\/2016\/02\/mecanica.jpg\" rel=\"attachment wp-att-16771\"><img loading=\"lazy\" decoding=\"async\" class=\"alignnone size-full wp-image-16771\" src=\"http:\/\/despacio.org\/wp-content\/uploads\/2016\/02\/mecanica.jpg\" alt=\"mecanica\" width=\"1000\" height=\"667\" \/><\/a><\/p>\n<h3>Adivine cu\u00e1ntas bicicletas caben.<\/h3>\n<p>En Despacio hemos hecho varias veces el ejercicio para saber cu\u00e1ntas bicicletas caben en el espacio destinado a un estacionamiento de carros. Pues ayer, quienes quisieron ganarse un Kit Despacio deb\u00edan adivinar <a href=\"https:\/\/www.flickr.com\/photos\/slowresearch\/16608620246\">cu\u00e1ntas caben<\/a>: 12, 25, 70,\u2026 Pues tres personas atinaron casi perfecto y se llevaron nuestro kit de regalo. \u00a1Muchas gracias por participar!<\/p>\n<p><a href=\"http:\/\/despacio.org\/wp-content\/uploads\/2016\/02\/adivino.jpg\" rel=\"attachment wp-att-16772\"><img loading=\"lazy\" decoding=\"async\" class=\"alignnone size-full wp-image-16772\" src=\"http:\/\/despacio.org\/wp-content\/uploads\/2016\/02\/adivino.jpg\" alt=\"adivino\" width=\"1000\" height=\"667\" \/><\/a><\/p>\n<h3>Intervenci\u00f3n en la vieja ciclorruta.<\/h3>\n<p>Ayer tambi\u00e9n fue d\u00eda de estreno. La carrera 11 presenta un nuevo paradigma de ciclo-infraestructura (entre la Calle 100 y 82). Si a\u00fan no lo ha notado, la vieja ciclorruta, esa que generaba muchos conflictos con los peatones, paradas de buses y los carros en las intersecciones, queda en el pasado. En vez de eso ahora hay un bicicarril que va por la calzada en la pista oriental y eso trae muchas ventajas a los usuarios de la bicicleta y co-beneficios a peatones: los usuarios de la bicicleta tienen un espacio segregado, libre de obst\u00e1culos y fuertes desniveles en las esquinas, y los peatones otra vez tienen espacio para\u00a0caminar y esperar el bus con calma.<\/p>\n<p><a href=\"http:\/\/despacio.org\/wp-content\/uploads\/2016\/02\/nueva-ciclorruta.jpg\" rel=\"attachment wp-att-16774\"><img loading=\"lazy\" decoding=\"async\" class=\"alignnone size-full wp-image-16774\" src=\"http:\/\/despacio.org\/wp-content\/uploads\/2016\/02\/nueva-ciclorruta.jpg\" alt=\"nueva-ciclorruta\" width=\"1000\" height=\"667\" \/><\/a><\/p>\n<p>Nosotros pusimos un pasto artificial y sillas en una parada de buses sobre la vieja ciclorruta, de tal manera de enfatizar que ese espacio fue recuperado para los peatones. Eso adem\u00e1s nos brind\u00f3 la oportunidad de conversar con diferentes personas sobre este cambio en la configuraci\u00f3n de la v\u00eda.<\/p>\n<p><a href=\"http:\/\/despacio.org\/wp-content\/uploads\/2016\/02\/intervencion-mini-plaza.jpg\" rel=\"attachment wp-att-16773\"><img loading=\"lazy\" decoding=\"async\" class=\"alignnone size-full wp-image-16773\" src=\"http:\/\/despacio.org\/wp-content\/uploads\/2016\/02\/intervencion-mini-plaza.jpg\" alt=\"intervencion-mini-plaza\" width=\"1000\" height=\"667\" \/><\/a><\/p>\n<p>\u00a1Agradecemos\u00a0a todas las personas que visitaron nuestro stand (\u00a1a pesar del aguacero!), a\u00a0nuestros\u00a0voluntarios\u00a0y a\u00a0CityParking\u00a0por prestarnos el espacio!<\/p>\n<p><em>Despacio se llega lejos.<\/em><\/p>","protected":false},"excerpt":{"rendered":"<p>El d\u00eda de ayer, jueves 4 de febrero, junto a todo el equipo Despacio quisimos hacernos parte del D\u00eda Sin Carro 2016. Para celebrar decidimos montar una serie de actividades en alianza con CityParking y con el apoyo de Bicivil\u00edzate (nuestro aliado en Chile). Para esto nos instalamos en la carrera 11 con calle 84&hellip;<\/p>","protected":false},"author":1,"featured_media":16768,"comment_status":"closed","ping_status":"open","sticky":false,"template":"","format":"standard","meta":{"_acf_changed":false,"footnotes":""},"categories":[2],"tags":[48,254,187,40,135],"class_list":["post-16731","post","type-post","status-publish","format-standard","has-post-thumbnail","hentry","category-ciudad","tag-bicicleta","tag-cityparking","tag-dia-sin-carro","tag-donacion","tag-peatones"],"acf":[],"_links":{"self":[{"href":"https:\/\/despacio.org\/en\/wp-json\/wp\/v2\/posts\/16731","targetHints":{"allow":["GET"]}}],"collection":[{"href":"https:\/\/despacio.org\/en\/wp-json\/wp\/v2\/posts"}],"about":[{"href":"https:\/\/despacio.org\/en\/wp-json\/wp\/v2\/types\/post"}],"author":[{"embeddable":true,"href":"https:\/\/despacio.org\/en\/wp-json\/wp\/v2\/users\/1"}],"replies":[{"embeddable":true,"href":"https:\/\/despacio.org\/en\/wp-json\/wp\/v2\/comments?post=16731"}],"version-history":[{"count":0,"href":"https:\/\/despacio.org\/en\/wp-json\/wp\/v2\/posts\/16731\/revisions"}],"wp:featuredmedia":[{"embeddable":true,"href":"https:\/\/despacio.org\/en\/wp-json\/"}],"wp:attachment":[{"href":"https:\/\/despacio.org\/en\/wp-json\/wp\/v2\/media?parent=16731"}],"wp:term":[{"taxonomy":"category","embeddable":true,"href":"https:\/\/despacio.org\/en\/wp-json\/wp\/v2\/categories?post=16731"},{"taxonomy":"post_tag","embeddable":true,"href":"https:\/\/despacio.org\/en\/wp-json\/wp\/v2\/tags?post=16731"}],"curies":[{"name":"wp","href":"https:\/\/api.w.org\/{rel}","templated":true}]}}