{"id":1632,"date":"2014-04-14T10:03:13","date_gmt":"2014-04-14T15:03:13","guid":{"rendered":"http:\/\/despacio.org\/?p=1632"},"modified":"2014-04-14T10:03:13","modified_gmt":"2014-04-14T15:03:13","slug":"volvimos-ilesos-del-foro-urbano-mundial","status":"publish","type":"post","link":"https:\/\/despacio.org\/en\/2014\/04\/14\/volvimos-ilesos-del-foro-urbano-mundial\/","title":{"rendered":"Volvimos (ilesos) del Foro Urbano Mundial"},"content":{"rendered":"<p><a title=\"Medellin-WUF-1 por deespacio, en Flickr\" href=\"https:\/\/www.flickr.com\/photos\/slowresearch\/13848245403\/\"><img loading=\"lazy\" decoding=\"async\" src=\"https:\/\/farm4.staticflickr.com\/3665\/13848245403_f9d35ecbce.jpg\" alt=\"Medellin-WUF-1\" width=\"500\" height=\"375\" \/><\/a><br \/>\nBueno, por fin volvimos despu\u00e9s de dos semanas de mucho trabajo que involucr\u00f3 desde cargar sacos de tierra (literalmente) hasta dar presentaciones, todo para el Foro Urbano Mundial. <a href=\"http:\/\/despacio.org\/en\/wuf7\/\">Preparamos una p\u00e1gina con la informaci\u00f3n organizada sobre\u00a0lo que realizamos (aqu\u00ed)<\/a>.\u00a0Y si quieren m\u00e1s bien ver solo fotos, <a href=\"https:\/\/www.flickr.com\/photos\/slowresearch\/sets\/\" target=\"_blank\" rel=\"noopener\">m\u00e9tanse aqu\u00ed y ven nuestro Flickr<\/a>.<\/p>\n<p>&nbsp;<\/p>","protected":false},"excerpt":{"rendered":"<p>Bueno, por fin volvimos despu\u00e9s de dos semanas de mucho trabajo que involucr\u00f3 desde cargar sacos de tierra (literalmente) hasta dar presentaciones, todo para el Foro Urbano Mundial. Preparamos una p\u00e1gina con la informaci\u00f3n organizada sobre\u00a0lo que realizamos (aqu\u00ed).\u00a0Y si quieren m\u00e1s bien ver solo fotos, m\u00e9tanse aqu\u00ed y ven nuestro Flickr. &nbsp;<\/p>","protected":false},"author":1,"featured_media":0,"comment_status":"open","ping_status":"open","sticky":false,"template":"","format":"standard","meta":{"_acf_changed":false,"footnotes":""},"categories":[2,37,21],"tags":[],"class_list":["post-1632","post","type-post","status-publish","format-standard","hentry","category-ciudad","category-eventos","category-proyectos"],"acf":[],"_links":{"self":[{"href":"https:\/\/despacio.org\/en\/wp-json\/wp\/v2\/posts\/1632","targetHints":{"allow":["GET"]}}],"collection":[{"href":"https:\/\/despacio.org\/en\/wp-json\/wp\/v2\/posts"}],"about":[{"href":"https:\/\/despacio.org\/en\/wp-json\/wp\/v2\/types\/post"}],"author":[{"embeddable":true,"href":"https:\/\/despacio.org\/en\/wp-json\/wp\/v2\/users\/1"}],"replies":[{"embeddable":true,"href":"https:\/\/despacio.org\/en\/wp-json\/wp\/v2\/comments?post=1632"}],"version-history":[{"count":0,"href":"https:\/\/despacio.org\/en\/wp-json\/wp\/v2\/posts\/1632\/revisions"}],"wp:attachment":[{"href":"https:\/\/despacio.org\/en\/wp-json\/wp\/v2\/media?parent=1632"}],"wp:term":[{"taxonomy":"category","embeddable":true,"href":"https:\/\/despacio.org\/en\/wp-json\/wp\/v2\/categories?post=1632"},{"taxonomy":"post_tag","embeddable":true,"href":"https:\/\/despacio.org\/en\/wp-json\/wp\/v2\/tags?post=1632"}],"curies":[{"name":"wp","href":"https:\/\/api.w.org\/{rel}","templated":true}]}}