{"id":16102,"date":"2015-09-23T09:56:46","date_gmt":"2015-09-23T09:56:46","guid":{"rendered":"http:\/\/despacio.org\/?p=16102"},"modified":"2015-09-23T09:56:46","modified_gmt":"2015-09-23T09:56:46","slug":"seguridad-en-el-espacio-publico","status":"publish","type":"post","link":"https:\/\/despacio.org\/en\/2015\/09\/23\/seguridad-en-el-espacio-publico\/","title":{"rendered":"&#8220;Papaya Partida&#8221;: Seguridad en el Espacio P\u00fablico"},"content":{"rendered":"<p>La <a href=\"http:\/\/www.ccb.org.co\/\">C\u00e1mara de Comercio de Bogot\u00e1<\/a>\u00a0ha organizado\u00a0una exposici\u00f3n y un foro sobre la seguridad y el espacio p\u00fablico en Bogot\u00e1 y Colombia. \u00a0La exposici\u00f3n, <a href=\"http:\/\/www.ccb.org.co\/Eventos-y-capacitaciones\/Nuestros-eventos\/Exposiciones\/Papaya-Partida-una-mirada-propositiva-y-reflexiva-al-tema-de-seguridad-en-el-espacio-publico-de-Bogota\">&#8220;Papaya Partida&#8221;<\/a>, se inaugura ma\u00f1ana el 24 de septiembre a las 6:00 PM en la CCB Sede Salitre (Av. El Dorado #68D-35) y\u00a0permanecer\u00e1 hasta el 31 de octubre. La exposici\u00f3n incluye un proyecto que Despacio realiz\u00f3 en Cartagena sobre <a href=\"http:\/\/despacio.org\/en\/2015\/02\/20\/nightseeing-en-getsemani\/\">la iluminaci\u00f3n<\/a>.<\/p>\n<p>El foro\u00a0&#8220;Papayas Unidas&#8221; se tratar\u00e1 de\u00a0la seguridad ciudadana y el dise\u00f1o del espacio p\u00fablico. Se llevar\u00e1 a cabo el 29 de septiembre de 830 AM a 12M tambi\u00e9n en la CCB Sede Salitre.\u00a0El evento ser\u00e1 moderado por Carlosfelipe Pardo, director ejecutivo de Despacio, y\u00a0tendr\u00e1 transmisi\u00f3n\u00a0en streaming.\u00a0Haga clic <a href=\"http:\/\/despacio.org\/wp-content\/uploads\/2015\/09\/Foro-de-Disen-o-para-la-Seguridad-en-el-Espacio-Pu\u00b4blico.pdf\">ac\u00e1<\/a>\u00a0para m\u00e1s informaci\u00f3n sobre el evento.<\/p>\n<p>Finalmente, el 29 por la noche habr\u00e1 el evento de &#8220;<a href=\"http:\/\/despacio.org\/wp-content\/uploads\/2015\/09\/NightSeeing-Bogota-Centro-Invite-ES.png\">NightSeeing<\/a>,&#8221; una caminata por el centro de Bogot\u00e1, guiada por Leni Schwendinger, una experta en iluminaci\u00f3n de ARUP.<\/p>\n<p>&nbsp;<\/p>","protected":false},"excerpt":{"rendered":"<p>La C\u00e1mara de Comercio de Bogot\u00e1\u00a0ha organizado\u00a0una exposici\u00f3n y un foro sobre la seguridad y el espacio p\u00fablico en Bogot\u00e1 y Colombia. \u00a0La exposici\u00f3n, &#8220;Papaya Partida&#8221;, se inaugura ma\u00f1ana el 24 de septiembre a las 6:00 PM en la CCB Sede Salitre (Av. El Dorado #68D-35) y\u00a0permanecer\u00e1 hasta el 31 de octubre. La exposici\u00f3n incluye&hellip;<\/p>","protected":false},"author":1,"featured_media":0,"comment_status":"closed","ping_status":"open","sticky":false,"template":"","format":"standard","meta":{"_acf_changed":false,"footnotes":""},"categories":[2,37],"tags":[132,101,205],"class_list":["post-16102","post","type-post","status-publish","format-standard","hentry","category-ciudad","category-eventos","tag-ccb","tag-espacio-publico","tag-seguridad-ciudanana"],"acf":[],"_links":{"self":[{"href":"https:\/\/despacio.org\/en\/wp-json\/wp\/v2\/posts\/16102","targetHints":{"allow":["GET"]}}],"collection":[{"href":"https:\/\/despacio.org\/en\/wp-json\/wp\/v2\/posts"}],"about":[{"href":"https:\/\/despacio.org\/en\/wp-json\/wp\/v2\/types\/post"}],"author":[{"embeddable":true,"href":"https:\/\/despacio.org\/en\/wp-json\/wp\/v2\/users\/1"}],"replies":[{"embeddable":true,"href":"https:\/\/despacio.org\/en\/wp-json\/wp\/v2\/comments?post=16102"}],"version-history":[{"count":0,"href":"https:\/\/despacio.org\/en\/wp-json\/wp\/v2\/posts\/16102\/revisions"}],"wp:attachment":[{"href":"https:\/\/despacio.org\/en\/wp-json\/wp\/v2\/media?parent=16102"}],"wp:term":[{"taxonomy":"category","embeddable":true,"href":"https:\/\/despacio.org\/en\/wp-json\/wp\/v2\/categories?post=16102"},{"taxonomy":"post_tag","embeddable":true,"href":"https:\/\/despacio.org\/en\/wp-json\/wp\/v2\/tags?post=16102"}],"curies":[{"name":"wp","href":"https:\/\/api.w.org\/{rel}","templated":true}]}}