{"id":16084,"date":"2015-09-21T09:36:02","date_gmt":"2015-09-21T14:36:02","guid":{"rendered":"http:\/\/despacio.org\/?p=16084"},"modified":"2015-09-21T09:36:02","modified_gmt":"2015-09-21T14:36:02","slug":"donde-vamos-a-estar-durante-la-semana-de-la-bici","status":"publish","type":"post","link":"https:\/\/despacio.org\/en\/2015\/09\/21\/donde-vamos-a-estar-durante-la-semana-de-la-bici\/","title":{"rendered":"\u00bfD\u00f3nde vamos a estar durante la Semana de la Bici?"},"content":{"rendered":"<p>Esta semana\u00a0hay varios eventos en Bogot\u00e1 relacionados con la movilidad sostenible y espec\u00edficamente\u00a0con\u00a0la bicicleta. Primero,\u00a0la\u00a0octava <a href=\"http:\/\/www.idrd.gov.co\/sitio\/idrd\/?q=node\/1724\">Semana de la Bicicleta<\/a>\u00a0(del 21 al 25) y\u00a0el cuarto <a href=\"http:\/\/www.culturarecreacionydeporte.gov.co\/iv-foro-internacional-de-la-bicicleta\">Foro Internacional de la Bicicleta<\/a>\u00a0(el viernes 25). El martes 22 se celebrar\u00e1 tambi\u00e9n el\u00a0tercer\u00a0D\u00eda sin Carro de 2015. Finalmente, la capital acoger\u00e1 el <a href=\"http:\/\/www.encuentroporelclima.com.co\/\">Encuentro de las Am\u00e9ricas Frente al Cambio Clim\u00e1tico<\/a>\u00a0del 20 al 23 de septiembre. Para m\u00e1s informaci\u00f3n sobre esos eventos, hagan clic en los enlaces.<\/p>\n<p>Despacio est\u00e1 organizando y va a estar presente en diferentes actividades durante la semana, incluidas las siguientes:<\/p>\n<ul>\n<li>Un <strong><a href=\"http:\/\/despacio.org\/en\/2015\/09\/11\/concurso-de-fotografia-dia-sin-carro\/\">Concurso de Fotograf\u00eda<\/a><\/strong>\u00a0para mostrar el cambio entre un d\u00eda normal y el D\u00eda sin Carro. Para participar,\u00a0solo tiene que subir dos fotos a Instagram con el hashtag <a href=\"https:\/\/instagram.com\/explore\/tags\/fotobogdsc\/\">#FotoBogDsC<\/a>&#8212; una tomada el 15 (d\u00eda normal) y la otra durante la jornada el 22. El viernes 25 publicamos\u00a0las fotos ganadoras.<\/li>\n<li>El mi\u00e9rcoles 23 tenemos\u00a0una <strong>Carrera de Modos<\/strong> entre la Secretar\u00eda de Movilidad y la Zona T para ver cu\u00e1l modo llega m\u00e1s r\u00e1pido a su destino. El evento empieza a las 5:30 PM en la Secretar\u00eda\u00a0y termina a las 6:00 en la Zona T. Todos est\u00e1n invitados a\u00a0ver la carrera en su inicio o fin. Haga clic <a href=\"http:\/\/despacio.org\/wp-content\/uploads\/2015\/09\/Carrera-de-modos-despacio-2015.pdf\">ac\u00e1<\/a>\u00a0para ver el comunicado de prensa para el evento.<\/li>\n<li>Tambi\u00e9n tendremos\u00a0un stand en el <strong><a href=\"http:\/\/www.bogota.gov.co\/article\/temas-de-ciudad\/cultura-y-recreacion\/participe-en-e-iv-foro-internacional-de-la-bicicleta\">Foro Internacional de la Bicicleta<\/a><\/strong> el viernes 25, con varias publicaciones nuestras, algunas cosas Despacio y una actividad interactiva sobre la percecpci\u00f3n de Bogot\u00e1\u00a0que tienen los ciclistas. El Foro tiene lugar en el\u00a0Auditorio Huitaca de la Alcald\u00eda Mayor, carrera 8 No. 10 &#8211; 65, de 8:00 a.m. a 6:00 p.m.<\/li>\n<\/ul>","protected":false},"excerpt":{"rendered":"<p>Esta semana\u00a0hay varios eventos en Bogot\u00e1 relacionados con la movilidad sostenible y espec\u00edficamente\u00a0con\u00a0la bicicleta. Primero,\u00a0la\u00a0octava Semana de la Bicicleta\u00a0(del 21 al 25) y\u00a0el cuarto Foro Internacional de la Bicicleta\u00a0(el viernes 25). El martes 22 se celebrar\u00e1 tambi\u00e9n el\u00a0tercer\u00a0D\u00eda sin Carro de 2015. Finalmente, la capital acoger\u00e1 el Encuentro de las Am\u00e9ricas Frente al Cambio Clim\u00e1tico\u00a0del&hellip;<\/p>","protected":false},"author":1,"featured_media":0,"comment_status":"closed","ping_status":"open","sticky":false,"template":"","format":"standard","meta":{"_acf_changed":false,"footnotes":""},"categories":[2,37],"tags":[48,187,203],"class_list":["post-16084","post","type-post","status-publish","format-standard","hentry","category-ciudad","category-eventos","tag-bicicleta","tag-dia-sin-carro","tag-fotos"],"acf":[],"_links":{"self":[{"href":"https:\/\/despacio.org\/en\/wp-json\/wp\/v2\/posts\/16084","targetHints":{"allow":["GET"]}}],"collection":[{"href":"https:\/\/despacio.org\/en\/wp-json\/wp\/v2\/posts"}],"about":[{"href":"https:\/\/despacio.org\/en\/wp-json\/wp\/v2\/types\/post"}],"author":[{"embeddable":true,"href":"https:\/\/despacio.org\/en\/wp-json\/wp\/v2\/users\/1"}],"replies":[{"embeddable":true,"href":"https:\/\/despacio.org\/en\/wp-json\/wp\/v2\/comments?post=16084"}],"version-history":[{"count":0,"href":"https:\/\/despacio.org\/en\/wp-json\/wp\/v2\/posts\/16084\/revisions"}],"wp:attachment":[{"href":"https:\/\/despacio.org\/en\/wp-json\/wp\/v2\/media?parent=16084"}],"wp:term":[{"taxonomy":"category","embeddable":true,"href":"https:\/\/despacio.org\/en\/wp-json\/wp\/v2\/categories?post=16084"},{"taxonomy":"post_tag","embeddable":true,"href":"https:\/\/despacio.org\/en\/wp-json\/wp\/v2\/tags?post=16084"}],"curies":[{"name":"wp","href":"https:\/\/api.w.org\/{rel}","templated":true}]}}