{"id":16059,"date":"2015-09-11T14:28:13","date_gmt":"2015-09-11T19:28:13","guid":{"rendered":"http:\/\/despacio.org\/?p=16059"},"modified":"2015-09-11T14:28:13","modified_gmt":"2015-09-11T19:28:13","slug":"concurso-de-fotografia-dia-sin-carro","status":"publish","type":"post","link":"https:\/\/despacio.org\/en\/2015\/09\/11\/concurso-de-fotografia-dia-sin-carro\/","title":{"rendered":"Concurso de Fotograf\u00eda D\u00eda sin Carro"},"content":{"rendered":"<p><a href=\"http:\/\/despacio.org\/wp-content\/uploads\/2015\/04\/par2.jpg\"><img loading=\"lazy\" decoding=\"async\" class=\"alignnone size-large wp-image-15659\" src=\"http:\/\/despacio.org\/wp-content\/uploads\/2015\/04\/par2-1024x338.jpg\" alt=\"par2\" width=\"1024\" height=\"338\" \/><\/a><\/p>\n<p>El 22 de septiembre, Bogot\u00e1 va a celebrar el tercer D\u00eda sin Carro de 2015. Durante esta fecha\u00a0est\u00e1 prohibida la circulaci\u00f3n de carros y motos particulares en la ciudad, con el objetivo de impulsar el uso de modos m\u00e1s sostenibles y crear conciencia del cambio clim\u00e1tico. Sin embargo, hay cr\u00edticas y algunos opinan que la jornada causa problemas para la econom\u00eda y la movilidad de Bogot\u00e1.<\/p>\n<p>Para la \u00faltima jornada (el 22 de abril), Despacio tom\u00f3\u00a0<a href=\"http:\/\/despacio.org\/en\/2015\/04\/22\/lo-que-paso-el-dia-sin-carro-del-22-de-abril-de-2015\/\">fotos<\/a> de diferentes sitios de la capital\u00a0durante un d\u00eda normal y durante el D\u00eda Sin Carro. Ahora es su turno:<strong><em> m\u00e1ndennos dos fotos<\/em><\/strong> <em><strong>de la misma escena<\/strong><\/em>&#8211; una tomada el martes 15 de septiembre y otra a la misma hora el 22 (durante el D\u00eda Sin Carro). Anoten por favor el lugar y la hora en que las tomaron y suban las dos fotos a <a href=\"https:\/\/instagram.com\/despacio_org\/\">Instagram<\/a>\u00a0con el hashtag <em><span style=\"text-decoration: underline;\">#FotoBogDsC<\/span>.\u00a0<\/em><\/p>\n<p>La foto puede ser de cualquier cosa, y se debe notar la diferencia de los dos d\u00edas (no tiene que ser un cambio positivo). El ganador recibir\u00e1 un \u00edtem del <a href=\"http:\/\/despacio.org\/en\/donar\/\">kit Despacio<\/a> (un pocillo, una bolsa o un cuaderno) y sus fotos ser\u00e1n publicadas en las redes Despacio.<\/p>\n<p><!--more--><\/p>\n<p><strong>Cronograma<\/strong><\/p>\n<ul>\n<li>11 de septiembre- se abre el concurso<\/li>\n<li>15 de septiembre- tomar primer foto del d\u00eda t\u00edpico\u00a0y subirla a Instagram con el hashtag #FotoBogDsC (anote\u00a0hora\/lugar)<\/li>\n<li>22 de septiembre- tomar segunda foto del D\u00eda sin Carro y subirla a Instagram con el hashtag #FotoBogDsC\u00a0(anote hora\/lugar)<\/li>\n<li>23 de septiembre- el concurso se cierra a las 12M.<\/li>\n<li>25\u00a0de septiembre-\u00a0anuncio y publicaci\u00f3n de la mejor foto<\/li>\n<\/ul>\n<p>&nbsp;<\/p>\n<p><strong>Criterios de calificaci\u00f3n de fotograf\u00edas:<\/strong><\/p>\n<ul>\n<li>Originalidad e inventiva<\/li>\n<li>Muestran claramente el cambio<\/li>\n<li>Muestran que es Bogot\u00e1<\/li>\n<li>Muestran algunas caracter\u00edsticas del D\u00eda sin Carro<\/li>\n<\/ul>\n<p>&nbsp;<\/p>\n<p>&nbsp;<\/p>","protected":false},"excerpt":{"rendered":"<p>El 22 de septiembre, Bogot\u00e1 va a celebrar el tercer D\u00eda sin Carro de 2015. Durante esta fecha\u00a0est\u00e1 prohibida la circulaci\u00f3n de carros y motos particulares en la ciudad, con el objetivo de impulsar el uso de modos m\u00e1s sostenibles y crear conciencia del cambio clim\u00e1tico. Sin embargo, hay cr\u00edticas y algunos opinan que la&hellip;<\/p>","protected":false},"author":1,"featured_media":0,"comment_status":"closed","ping_status":"open","sticky":false,"template":"","format":"standard","meta":{"_acf_changed":false,"footnotes":""},"categories":[37],"tags":[201,187,202],"class_list":["post-16059","post","type-post","status-publish","format-standard","hentry","category-eventos","tag-concurso","tag-dia-sin-carro","tag-fotografia"],"acf":[],"_links":{"self":[{"href":"https:\/\/despacio.org\/en\/wp-json\/wp\/v2\/posts\/16059","targetHints":{"allow":["GET"]}}],"collection":[{"href":"https:\/\/despacio.org\/en\/wp-json\/wp\/v2\/posts"}],"about":[{"href":"https:\/\/despacio.org\/en\/wp-json\/wp\/v2\/types\/post"}],"author":[{"embeddable":true,"href":"https:\/\/despacio.org\/en\/wp-json\/wp\/v2\/users\/1"}],"replies":[{"embeddable":true,"href":"https:\/\/despacio.org\/en\/wp-json\/wp\/v2\/comments?post=16059"}],"version-history":[{"count":0,"href":"https:\/\/despacio.org\/en\/wp-json\/wp\/v2\/posts\/16059\/revisions"}],"wp:attachment":[{"href":"https:\/\/despacio.org\/en\/wp-json\/wp\/v2\/media?parent=16059"}],"wp:term":[{"taxonomy":"category","embeddable":true,"href":"https:\/\/despacio.org\/en\/wp-json\/wp\/v2\/categories?post=16059"},{"taxonomy":"post_tag","embeddable":true,"href":"https:\/\/despacio.org\/en\/wp-json\/wp\/v2\/tags?post=16059"}],"curies":[{"name":"wp","href":"https:\/\/api.w.org\/{rel}","templated":true}]}}