{"id":15944,"date":"2015-07-16T17:29:28","date_gmt":"2015-07-16T22:29:28","guid":{"rendered":"http:\/\/despacio.org\/?p=15944"},"modified":"2015-07-16T17:29:28","modified_gmt":"2015-07-16T22:29:28","slug":"motorcycles-threat-or-solution","status":"publish","type":"post","link":"https:\/\/despacio.org\/en\/2015\/07\/16\/motorcycles-threat-or-solution\/","title":{"rendered":"Motorcycles: threat or solution?"},"content":{"rendered":"<p><a href=\"http:\/\/despacio.org\/wp-content\/uploads\/2015\/06\/para-post-final.jpg\"><img loading=\"lazy\" decoding=\"async\" class=\"aligncenter wp-image-15904\" src=\"http:\/\/despacio.org\/wp-content\/uploads\/2015\/06\/para-post-final-1024x523.jpg\" alt=\"para-post-final\" width=\"780\" height=\"388\" \/><\/a><a href=\"http:\/\/despacio.org\/wp-content\/uploads\/2015\/06\/para-post-final.jpg\"><br \/>\n<\/a><a href=\"http:\/\/despacio.org\/wp-content\/uploads\/2015\/06\/invitacion1.png\"><br \/>\n<\/a><\/p>\n<p>The rise of motorcycles in Bogot\u00e1, as in the rest of the country, has been remarkably\u00a0fast over the past decade, but measures to\u00a0deal with this phenomenon have not kept apace.\u00a0Although international experiences provide some insight and solutions, there is a lack of detailed knowledge on motorcycle users and their societal impacts (positive or negative). There has not been\u00a0much\u00a0discussion of\u00a0potential mechanisms to help understand the phenomenon, reduce its negative impacts and improve overall mobility. However, there have been a few studies recently\u00a0that describe\u00a0the phenomenon, allowing researchers to make concrete proposals to resolve these issues.<\/p>\n<p><a title=\"Evento &quot;Motos \u00bfAmenaza o soluci\u00f3n? by despacio ., en Flickr\" href=\"https:\/\/www.flickr.com\/photos\/slowresearch\/18759940474\" target=\"_blank\"><img loading=\"lazy\" decoding=\"async\" class=\"aligncenter\" src=\"https:\/\/c1.staticflickr.com\/1\/560\/18759940474_25b1b40383_k.jpg\" alt=\"Evento &quot;Motos \u00bfAmenaza o soluci\u00f3n?\" width=\"700\" height=\"453\" \/><\/a><\/p>\n<p>Given all of this, Despacio hosted the event &#8220;Motorcycles: threat or solution? on <strong>July 2, 2015 in the Luis Carlos\u00a0<\/strong><strong>Gal\u00e1n Auditorium at the Javeriana Pontifical University.\u00a0<\/strong>This was also the launch event of CAF&#8217;s publication, <strong><a href=\"http:\/\/scioteca.caf.com\/handle\/123456789\/754\" target=\"_blank\">&#8220;Motorcycles in Latin America:\u00a0profile of their use and impacts on mobility in five cities in the region&#8221;<\/a>. \u00a0<\/strong>There were also presentations of related studies and an expert panel at the end of the day. The event was held in cooperation with the Javeriana Pontifical University, the Bogot\u00e1 Chamber of Commerce and\u00a0CAF Latin American Development Bank.<\/p>\n<p>&nbsp;<\/p>\n<p><a title=\"Evento &quot;Motos \u00bfAmenaza o soluci\u00f3n? by despacio ., en Flickr\" href=\"https:\/\/www.flickr.com\/photos\/slowresearch\/19382466765\" target=\"_blank\"><img loading=\"lazy\" decoding=\"async\" class=\"aligncenter\" src=\"https:\/\/c2.staticflickr.com\/4\/3687\/19382466765_578a551f99_k.jpg\" alt=\"Evento &quot;Motos \u00bfAmenaza o soluci\u00f3n?\" width=\"700\" height=\"463\" \/><\/a><\/p>\n<p>The event was divided into three parts.\u00a0The presentations are below (in Spanish).<\/p>\n<p><strong>Part 1:\u00a0\u00a0<\/strong><\/p>\n<p><a href=\"http:\/\/despacio.org\/wp-content\/uploads\/2015\/07\/Parte1-Presentacion-Julio-CAF-Bogota-v4.pdf\" target=\"_blank\">La motocicleta en Am\u00e9rica Latina: caracterizaci\u00f3n de su uso e impactos en la movilidad en cinco ciudades de la regi\u00f3n<\/a><\/p>\n<p><strong>Part 2:\u00a0<\/strong><\/p>\n<p><a href=\"http:\/\/despacio.org\/wp-content\/uploads\/2015\/07\/Parte-2-SDG-150701_Mototaxismo_Evento_Javeriana_v2.pdf\" target=\"_blank\">El fen\u00f3meno del mototaxismo en Colombia- Steer Davies Gleave<\/a><\/p>\n<p><a href=\"http:\/\/despacio.org\/wp-content\/uploads\/2015\/07\/PArte-2-ANDILa-importancia-de-la-motocicleta-en-Colombia-final.pdf\" target=\"_blank\">La importancia de la motocicleta en Colombia- ANDI<\/a><\/p>\n<p><a href=\"http:\/\/despacio.org\/wp-content\/uploads\/2015\/07\/Parte-2-CENDEX-Presentaci\u00f3n-Evento-02-de-Julio-PUJ_Ultimo.pdf\" target=\"_blank\">Evento \u201cMotos: Amenaza o soluci\u00f3n\u201d &#8211; CENDEX<\/a><\/p>\n<p><a href=\"http:\/\/despacio.org\/wp-content\/uploads\/2015\/07\/Parte-2-Metodolog\u00eda-para-el-an\u00e1lisis-detallado-de-accidentes-de-tr\u00e1nsito.pdf\" target=\"_blank\">Metodolog\u00eda para el an\u00e1lisis detallado de accidentes de tr\u00e1nsito<\/a><\/p>\n<p><strong>Part 3:<\/strong><\/p>\n<p><a href=\"http:\/\/despacio.org\/wp-content\/uploads\/2015\/07\/Parte-3-Banco-Mundial_Evento_Motocicleta-Amenaza-o-Soluci\u00f3n_07_01_2015.pdf\" target=\"_blank\">Evento: \u201cMotos: \u00bfAmenaza o Soluci\u00f3n?\u201d &#8211; Banco Mundial<\/a><\/p>\n<p><a href=\"http:\/\/despacio.org\/wp-content\/uploads\/2015\/07\/Presentacion-Evento-motos-PUJ-Julio-2-2015.pdf\" target=\"_blank\">Movilidad en las zonas pobres de Bogot\u00e1 &#8211; Ricardo Smith<\/a><\/p>\n<p>&nbsp;<\/p>\n<p>Thanks to all the speakers, organizers and attendees. We hope to see you at our future events.<\/p>\n<p>&nbsp;<\/p>\n<p>&nbsp;<\/p>\n<p>&nbsp;<\/p>\n<p>&nbsp;<\/p>","protected":false},"excerpt":{"rendered":"<p>The rise of motorcycles in Bogot\u00e1, as in the rest of the country, has been remarkably\u00a0fast over the past decade, but measures to\u00a0deal with this phenomenon have not kept apace.\u00a0Although international experiences provide some insight and solutions, there is a lack of detailed knowledge on motorcycle users and their societal impacts (positive or negative). There&hellip;<\/p>","protected":false},"author":1,"featured_media":0,"comment_status":"closed","ping_status":"open","sticky":false,"template":"","format":"standard","meta":{"_acf_changed":false,"footnotes":""},"categories":[20],"tags":[195,196],"class_list":["post-15944","post","type-post","status-publish","format-standard","hentry","category-sin-categoria","tag-caf","tag-motorcycles"],"acf":[],"_links":{"self":[{"href":"https:\/\/despacio.org\/en\/wp-json\/wp\/v2\/posts\/15944","targetHints":{"allow":["GET"]}}],"collection":[{"href":"https:\/\/despacio.org\/en\/wp-json\/wp\/v2\/posts"}],"about":[{"href":"https:\/\/despacio.org\/en\/wp-json\/wp\/v2\/types\/post"}],"author":[{"embeddable":true,"href":"https:\/\/despacio.org\/en\/wp-json\/wp\/v2\/users\/1"}],"replies":[{"embeddable":true,"href":"https:\/\/despacio.org\/en\/wp-json\/wp\/v2\/comments?post=15944"}],"version-history":[{"count":0,"href":"https:\/\/despacio.org\/en\/wp-json\/wp\/v2\/posts\/15944\/revisions"}],"wp:attachment":[{"href":"https:\/\/despacio.org\/en\/wp-json\/wp\/v2\/media?parent=15944"}],"wp:term":[{"taxonomy":"category","embeddable":true,"href":"https:\/\/despacio.org\/en\/wp-json\/wp\/v2\/categories?post=15944"},{"taxonomy":"post_tag","embeddable":true,"href":"https:\/\/despacio.org\/en\/wp-json\/wp\/v2\/tags?post=15944"}],"curies":[{"name":"wp","href":"https:\/\/api.w.org\/{rel}","templated":true}]}}