{"id":15820,"date":"2015-07-02T05:11:20","date_gmt":"2015-07-02T05:11:20","guid":{"rendered":"http:\/\/despacio.org\/?p=15820"},"modified":"2015-07-02T05:11:20","modified_gmt":"2015-07-02T05:11:20","slug":"publicacion-motocicletas-en-america-latina","status":"publish","type":"post","link":"https:\/\/despacio.org\/en\/2015\/07\/02\/publicacion-motocicletas-en-america-latina\/","title":{"rendered":"Publicaci\u00f3n: Motocicletas en Am\u00e9rica Latina"},"content":{"rendered":"<p><a href=\"http:\/\/despacio.org\/wp-content\/uploads\/2015\/06\/CAF-LIBRO-motos-digital.pdf\" target=\"_blank\"><img loading=\"lazy\" decoding=\"async\" class=\"wp-image-15832 alignleft\" src=\"http:\/\/despacio.org\/wp-content\/uploads\/2015\/06\/libro-caf-motos-caratula.png\" alt=\"libro caf motos caratula\" width=\"221\" height=\"348\" \/><\/a>Despu\u00e9s del desarrollo de una investigaci\u00f3n sobre motocicletas en cinco ciudades de Am\u00e9rica Latina (Despacio particip\u00f3 en un <a href=\"http:\/\/despacio.org\/en\/2012\/07\/28\/proyecto-motocicletas-en-america-latina\/\" target=\"_blank\">componente de investigaci\u00f3n con entrevistas<\/a>), CAF ha publicado un libro titulado <strong>Motocicletas en Am\u00e9rica Latina: caracterizaci\u00f3n de su uso e impactos en la movilidad en cinco ciudades de la regi\u00f3n <\/strong>donde se presenta un ejercicio de investigaci\u00f3n documental, cualitativo y cuantitativo sobre este tema en Am\u00e9rica Latina. El documento fue editado por Despacio y se puede descargar <a href=\"http:\/\/scioteca.caf.com\/handle\/123456789\/754\" target=\"_blank\">aqu\u00ed<\/a>. Para lanzarlo, CAF junto con la Universidad Javeriana, la C\u00e1mara de Comercio de Bogot\u00e1 y Despacio realiz\u00f3 un <a href=\"http:\/\/despacio.org\/en\/2015\/06\/09\/evento-motos-2015\/\" target=\"_blank\">evento de lanzamiento <\/a>el 2 de Julio donde se presentaron los detalles del libro y otras investigaciones relacionadas. Los <a href=\"http:\/\/despacio.org\/en\/2015\/06\/09\/evento-motos-2015\/\" target=\"_blank\">detalles de ese evento se pueden ver aqu\u00ed<\/a>.<\/p>\n<p>En esta investigaci\u00f3n se examina la forma como se usa la motocicleta, sus causas, y sus consecuencias en cinco ciudades de Am\u00e9rica Latina. El prop\u00f3sito es generar insumos para la formulaci\u00f3n de pol\u00edticas p\u00fablicas que contemplen las m\u00faltiples dimensiones del uso de la motocicleta, al mismo tiempo que busque resolver las principales consecuencias negativas que su uso conlleva. Sirve tambi\u00e9n para llamar la atenci\u00f3n sobre otras investigaciones que deben profundizarse sobre el tema.<\/p>\n<p><a href=\"http:\/\/www.elespectador.com\/noticias\/bogota\/motos-le-compiten-al-transporte-publico-articulo-569671\" target=\"_blank\">Aqu\u00ed<\/a> un\u00a0art\u00edculo de El Espectador describiendo el estudio.<\/p>\n<p><a href=\"http:\/\/www.eltiempo.com\/bogota\/motos-en-colombia-ponen-en-jaque-a-las-ciudades\/15933583\" target=\"_blank\">Aqu\u00ed<\/a> un art\u00edculo de El Tiempo describiendo el estudio.<\/p>","protected":false},"excerpt":{"rendered":"<p>Despu\u00e9s del desarrollo de una investigaci\u00f3n sobre motocicletas en cinco ciudades de Am\u00e9rica Latina (Despacio particip\u00f3 en un componente de investigaci\u00f3n con entrevistas), CAF ha publicado un libro titulado Motocicletas en Am\u00e9rica Latina: caracterizaci\u00f3n de su uso e impactos en la movilidad en cinco ciudades de la regi\u00f3n donde se presenta un ejercicio de investigaci\u00f3n&hellip;<\/p>","protected":false},"author":1,"featured_media":0,"comment_status":"closed","ping_status":"open","sticky":false,"template":"","format":"standard","meta":{"_acf_changed":false,"footnotes":""},"categories":[2,22],"tags":[],"class_list":["post-15820","post","type-post","status-publish","format-standard","hentry","category-ciudad","category-publicaciones"],"acf":[],"_links":{"self":[{"href":"https:\/\/despacio.org\/en\/wp-json\/wp\/v2\/posts\/15820","targetHints":{"allow":["GET"]}}],"collection":[{"href":"https:\/\/despacio.org\/en\/wp-json\/wp\/v2\/posts"}],"about":[{"href":"https:\/\/despacio.org\/en\/wp-json\/wp\/v2\/types\/post"}],"author":[{"embeddable":true,"href":"https:\/\/despacio.org\/en\/wp-json\/wp\/v2\/users\/1"}],"replies":[{"embeddable":true,"href":"https:\/\/despacio.org\/en\/wp-json\/wp\/v2\/comments?post=15820"}],"version-history":[{"count":0,"href":"https:\/\/despacio.org\/en\/wp-json\/wp\/v2\/posts\/15820\/revisions"}],"wp:attachment":[{"href":"https:\/\/despacio.org\/en\/wp-json\/wp\/v2\/media?parent=15820"}],"wp:term":[{"taxonomy":"category","embeddable":true,"href":"https:\/\/despacio.org\/en\/wp-json\/wp\/v2\/categories?post=15820"},{"taxonomy":"post_tag","embeddable":true,"href":"https:\/\/despacio.org\/en\/wp-json\/wp\/v2\/tags?post=15820"}],"curies":[{"name":"wp","href":"https:\/\/api.w.org\/{rel}","templated":true}]}}