{"id":15809,"date":"2015-06-09T10:30:48","date_gmt":"2015-06-09T10:30:48","guid":{"rendered":"http:\/\/despacio.org\/?p=15809"},"modified":"2015-06-09T10:30:48","modified_gmt":"2015-06-09T10:30:48","slug":"evento-motos-2015","status":"publish","type":"post","link":"https:\/\/despacio.org\/en\/2015\/06\/09\/evento-motos-2015\/","title":{"rendered":"Evento &#8220;Motos: \u00bfamenaza o soluci\u00f3n?&#8221;"},"content":{"rendered":"<p><a href=\"http:\/\/despacio.org\/wp-content\/uploads\/2015\/06\/para-post-final.jpg\"><img loading=\"lazy\" decoding=\"async\" class=\"aligncenter wp-image-15904\" src=\"http:\/\/despacio.org\/wp-content\/uploads\/2015\/06\/para-post-final-1024x523.jpg\" alt=\"para-post-final\" width=\"780\" height=\"388\" \/><\/a><a href=\"http:\/\/despacio.org\/wp-content\/uploads\/2015\/06\/para-post-final.jpg\"><br \/>\n<\/a><a href=\"http:\/\/despacio.org\/wp-content\/uploads\/2015\/06\/invitacion1.png\"><br \/>\n<\/a><\/p>\n<p>El crecimiento del parque de motocicletas en Bogot\u00e1 (al igual que en el resto del pa\u00eds) ha sido vertiginoso en la \u00faltima d\u00e9cada, pero las medidas para afrontar este fen\u00f3meno no han evolucionado con la misma rapidez. Aunque existen algunas experiencias internacionales que pueden ayudar a resolver algunos problemas, falta un conocimiento detallado de qui\u00e9n usa las motos, qu\u00e9 impactos (positivos y negativos) tienen en la sociedad, y cu\u00e1les podrian ser mecanismos para comprender el fen\u00f3meno, reducir sus impactos negativos y mejorar la movilidad en general. No obstante, existen algunos estudios recientes que han comenzado a describir mejor el fen\u00f3meno, e investigadores que ya conocen mejor el tema y tienen propuestas concretas.<\/p>\n<p>&nbsp;<\/p>\n<p><a title=\"Evento &quot;Motos \u00bfAmenaza o soluci\u00f3n? by despacio ., en Flickr\" href=\"https:\/\/www.flickr.com\/photos\/slowresearch\/18759940474\" target=\"_blank\"><img loading=\"lazy\" decoding=\"async\" class=\"aligncenter\" src=\"https:\/\/c1.staticflickr.com\/1\/560\/18759940474_25b1b40383_k.jpg\" alt=\"Evento &quot;Motos \u00bfAmenaza o soluci\u00f3n?\" width=\"700\" height=\"453\" \/><\/a><\/p>\n<p>&nbsp;<\/p>\n<p>Por todo esto, se realiz\u00f3 el evento <strong>&#8220;Motos: \u00bfamenaza o soluci\u00f3n?&#8221; el 2 de Julio de 2015 en el Auditorio Luis Carlos Gal\u00e1n de la Pontificia Universidad Javeriana. <\/strong>El evento fue\u00a0el lanzamiento de la <strong><a href=\"http:\/\/scioteca.caf.com\/handle\/123456789\/754\" target=\"_blank\">publicaci\u00f3n de CAF &#8220;Motocicletas en Am\u00e9rica Latina: Caracterizaci\u00f3n de su uso e impactos en la movilidad en cinco ciudades de la regi\u00f3n&#8221;<\/a><\/strong>. Hubo tambi\u00e9n\u00a0presentaciones de otras investigaciones relacionadas y un panel de expertos al final del d\u00eda. El evento se realiz\u00f3 con la Pontificia Universidad Javeriana, la C\u00e1mara de Comercio de Bogot\u00e1 y CAF Banco de Desarrollo de Am\u00e9rica Latina.<\/p>\n<p>&nbsp;<\/p>\n<p><a title=\"Evento &quot;Motos \u00bfAmenaza o soluci\u00f3n? by despacio ., en Flickr\" href=\"https:\/\/www.flickr.com\/photos\/slowresearch\/19382466765\" target=\"_blank\"><img loading=\"lazy\" decoding=\"async\" class=\"aligncenter\" src=\"https:\/\/c2.staticflickr.com\/4\/3687\/19382466765_578a551f99_k.jpg\" alt=\"Evento &quot;Motos \u00bfAmenaza o soluci\u00f3n?\" width=\"700\" height=\"463\" \/><\/a><\/p>\n<p>El evento estuvo dividido en 3 partes. Para los interesados, las presentaciones de cada una est\u00e1n ac\u00e1:<\/p>\n<p><strong>Parte 1:\u00a0\u00a0<\/strong><\/p>\n<p><a href=\"http:\/\/despacio.org\/wp-content\/uploads\/2015\/07\/Parte1-Presentacion-Julio-CAF-Bogota-v4.pdf\" target=\"_blank\">La motocicleta en Am\u00e9rica Latina: caracterizaci\u00f3n de su uso e impactos en la movilidad en cinco ciudades de la regi\u00f3n<\/a><\/p>\n<p><strong>Parte 2:\u00a0<\/strong><\/p>\n<p><a href=\"http:\/\/despacio.org\/wp-content\/uploads\/2015\/07\/Parte-2-SDG-150701_Mototaxismo_Evento_Javeriana_v2.pdf\" target=\"_blank\">El fen\u00f3meno del mototaxismo en Colombia- Steer Davies Gleave<\/a><\/p>\n<p><a href=\"http:\/\/despacio.org\/wp-content\/uploads\/2015\/07\/PArte-2-ANDILa-importancia-de-la-motocicleta-en-Colombia-final.pdf\" target=\"_blank\">La importancia de la motocicleta en Colombia- ANDI<\/a><\/p>\n<p><a href=\"http:\/\/despacio.org\/wp-content\/uploads\/2015\/07\/Parte-2-CENDEX-Presentaci\u00f3n-Evento-02-de-Julio-PUJ_Ultimo.pdf\" target=\"_blank\">Evento \u201cMotos: Amenaza o soluci\u00f3n\u201d &#8211; CENDEX<\/a><\/p>\n<p><a href=\"http:\/\/despacio.org\/wp-content\/uploads\/2015\/07\/Parte-2-Metodolog\u00eda-para-el-an\u00e1lisis-detallado-de-accidentes-de-tr\u00e1nsito.pdf\" target=\"_blank\">Metodolog\u00eda para el an\u00e1lisis detallado de accidentes de tr\u00e1nsito<\/a><\/p>\n<p><strong>Parte 3:<\/strong><\/p>\n<p><a href=\"http:\/\/despacio.org\/wp-content\/uploads\/2015\/07\/Parte-3-Banco-Mundial_Evento_Motocicleta-Amenaza-o-Soluci\u00f3n_07_01_2015.pdf\" target=\"_blank\">Evento: \u201cMotos: \u00bfAmenaza o Soluci\u00f3n?\u201d &#8211; Banco Mundial<\/a><\/p>\n<p><a href=\"http:\/\/despacio.org\/wp-content\/uploads\/2015\/07\/Presentacion-Evento-motos-PUJ-Julio-2-2015.pdf\" target=\"_blank\">Movilidad en las zonas pobres de Bogot\u00e1 &#8211; Ricardo Smith<\/a><\/p>\n<p>&nbsp;<\/p>\n<p>Gracias por la colaboraci\u00f3n a cada uno de los ponentes, organizadores y asistentes. Esperamos seguir contando con ustedes en los pr\u00f3ximos eventos.<\/p>\n<p>&nbsp;<\/p>\n<p>&nbsp;<\/p>\n<p>&nbsp;<\/p>\n<p>&nbsp;<\/p>","protected":false},"excerpt":{"rendered":"<p>El crecimiento del parque de motocicletas en Bogot\u00e1 (al igual que en el resto del pa\u00eds) ha sido vertiginoso en la \u00faltima d\u00e9cada, pero las medidas para afrontar este fen\u00f3meno no han evolucionado con la misma rapidez. Aunque existen algunas experiencias internacionales que pueden ayudar a resolver algunos problemas, falta un conocimiento detallado de qui\u00e9n&hellip;<\/p>","protected":false},"author":1,"featured_media":0,"comment_status":"closed","ping_status":"open","sticky":false,"template":"","format":"standard","meta":{"_acf_changed":false,"footnotes":""},"categories":[2,37],"tags":[],"class_list":["post-15809","post","type-post","status-publish","format-standard","hentry","category-ciudad","category-eventos"],"acf":[],"_links":{"self":[{"href":"https:\/\/despacio.org\/en\/wp-json\/wp\/v2\/posts\/15809","targetHints":{"allow":["GET"]}}],"collection":[{"href":"https:\/\/despacio.org\/en\/wp-json\/wp\/v2\/posts"}],"about":[{"href":"https:\/\/despacio.org\/en\/wp-json\/wp\/v2\/types\/post"}],"author":[{"embeddable":true,"href":"https:\/\/despacio.org\/en\/wp-json\/wp\/v2\/users\/1"}],"replies":[{"embeddable":true,"href":"https:\/\/despacio.org\/en\/wp-json\/wp\/v2\/comments?post=15809"}],"version-history":[{"count":0,"href":"https:\/\/despacio.org\/en\/wp-json\/wp\/v2\/posts\/15809\/revisions"}],"wp:attachment":[{"href":"https:\/\/despacio.org\/en\/wp-json\/wp\/v2\/media?parent=15809"}],"wp:term":[{"taxonomy":"category","embeddable":true,"href":"https:\/\/despacio.org\/en\/wp-json\/wp\/v2\/categories?post=15809"},{"taxonomy":"post_tag","embeddable":true,"href":"https:\/\/despacio.org\/en\/wp-json\/wp\/v2\/tags?post=15809"}],"curies":[{"name":"wp","href":"https:\/\/api.w.org\/{rel}","templated":true}]}}