{"id":15802,"date":"2015-05-28T15:02:59","date_gmt":"2015-05-28T20:02:59","guid":{"rendered":"http:\/\/despacio.org\/?p=15802"},"modified":"2015-05-28T15:02:59","modified_gmt":"2015-05-28T20:02:59","slug":"despacio-et-slocat-deux-ans-de-collaboration-fructueuse","status":"publish","type":"post","link":"https:\/\/despacio.org\/en\/2015\/05\/28\/despacio-et-slocat-deux-ans-de-collaboration-fructueuse\/","title":{"rendered":"Despacio et SLOCAT : deux ans de collaboration fructueuse"},"content":{"rendered":"<p><a href=\"http:\/\/despacio.org\/wp-content\/uploads\/2014\/02\/sLOCAT-blueblock11-high-res.jpg\"><img loading=\"lazy\" decoding=\"async\" class=\"aligncenter size-medium wp-image-1473\" src=\"http:\/\/despacio.org\/wp-content\/uploads\/2014\/02\/sLOCAT-blueblock11-high-res-300x94.jpg\" alt=\"sLOCAT blueblock1[1] -high res\" width=\"300\" height=\"94\" \/><\/a><\/p>\n<p>Durant les deux derni\u00e8res ann\u00e9es, Despacio a repr\u00e9sent\u00e9 l\u2019Association pour un Transport Soutenable \u00e0 faible \u00e9mission de Carbone pour l\u2019Am\u00e9rique latine et les Cara\u00efbes (<a href=\"http:\/\/www.slocat.net\">SLoCaT LAC<\/a>).\u00a0La Banque de D\u00e9veloppement d\u2019Am\u00e9rique latine (CAF) a mandat\u00e9 Despacio pour faire la promotion de la th\u00e9matique au sein de la r\u00e9gion et repr\u00e9senter l\u2019association dans le cadre de diff\u00e9rentes conf\u00e9rences.<\/p>\n<p>Durant la premi\u00e8re ann\u00e9e de contrat (2013-2014), Despacio s\u2019est investi dans plusieurs r\u00e9unions li\u00e9es au Forum du Transport Soutenable (<a href=\"http:\/\/www.uncrdlac.org\/fts\/\">FTS-LAC<\/a>) qui a eu lieu au moins de juin 2011 \u00e0 Bogot\u00e1. D\u2019une part, Despacio s\u2019est occup\u00e9 de la pr\u00e9paration de documents d\u2019\u00e9tude pr\u00e9liminaire, de la facilitation entre les diff\u00e9rents pays repr\u00e9sent\u00e9s au FTS-LAC et de la coordination du suivi de l\u2019apr\u00e8s Forum. Despacio s\u2019est \u00e9galement charg\u00e9\u00a0de la r\u00e9daction ainsi que\u00a0de la traduction des engagements de la CAF, s\u2019inscrivant dans la cadre du rapport des Engagements pour le Transport Soutenable pour Rio+20 (<em>Compromisos de Transporte Sostenible para Rio+20<\/em>). Pour donner suite \u00e0 ce document, nous avons d\u00e9velopp\u00e9 diff\u00e9rentes activit\u00e9s pour la COP19 qui s\u2019est tenue \u00e0 Varsovie (y compris la Journ\u00e9e des Transports) et avons assist\u00e9 \u00e0 diverses r\u00e9unions \u00e0 Varsovie, New-York et Washington sur les &#8220;<a href=\"http:\/\/www.slocat.net\/resultsframework\">Results Framework<\/a>&#8221; de SLoCaT, la CMNUCC et d\u2019autres manifestations organis\u00e9es par l\u2019ONU.<\/p>\n<p>Despacio et SLoCaT ont \u00e9galement \u00e9t\u00e9 fortement impliqu\u00e9s dans la planification et la coordination des \u00e9v\u00e8nements li\u00e9s \u00e0 la th\u00e9matique du transport durable dans le cadre du \u00a0<a href=\"http:\/\/wuf7.unhabitat.org\/\">7e Forum Urbain Mundial<\/a> qui a eu lieu \u00e0 Medellin dans le courant du mois d\u2019avril 2014. Nous nous sommes charg\u00e9s de traduire divers documents (dont\u00a0les agendas) et avons publi\u00e9 toute l\u2019information relative aux \u00e9v\u00e8nements li\u00e9s au Forum au travers des diff\u00e9rents modes de communication tel que le compte Twitter de SLoCaT LAC (g\u00e9r\u00e9 par Despacio). Pour boucler cette premi\u00e8re ann\u00e9e de collaboration, nous nous sommes occup\u00e9s de la tenue du stand de SLoCaT durant la semaine de conf\u00e9rence.<\/p>\n<p>En tant que repr\u00e9sentant de la SLoCaT pour l\u2019Am\u00e9rique latine durant la deuxi\u00e8me ann\u00e9e (2014-2015), nous avons particip\u00e9 \u00e0 l\u2019organisation d\u2019\u00e9v\u00e8nements importants au niveau r\u00e9gional et international. Nous avons dans un premier temps\u00a0assist\u00e9 \u00e0 la conf\u00e9rence Rio+20, qui a eu lieu \u00e0 Bogot\u00e1 au mois d\u2019ao\u00fbt 2014. Nous nous sommes ensuite rendus au <a href=\"http:\/\/X Congreso Internacional de Transporte Sustentable\">10\u00e8me Congr\u00e8s International de\u00a0Transport Soutenable<\/a>, qui a eu lieu dans la ville de Mexico en octobre, o\u00f9 Despacio a conduit un \u00e9v\u00e8nement sur le th\u00e8me de la mobilit\u00e9 et de l\u2019int\u00e9gration territoriale. A la fin du mois d\u2019octobre, nous avons organis\u00e9 un \u00e9v\u00e8nement sur l\u2019accessibilit\u00e9, les temps de trajets en transport publique et avons soutenu le processus de collaboration Sud-Sud\u00a0\u00e0 Rosario dans le cadre de la conf\u00e9rence <a href=\"http:\/\/www.clatpu.org\/\">CLATPU<\/a>. Finalement, nous avons assist\u00e9 \u00e0 la\u00a0<a href=\"http:\/\/www.slocat.net\/diatransporte2014\">journ\u00e9e du transport<\/a> \u00e0 Lima, l\u2019\u00e9v\u00e8nement annuel de la SLoCaT parall\u00e8le \u00e0 la COP 20, qui inclut plusieurs s\u00e9ances pl\u00e9ni\u00e8res et \u00e9v\u00e8nements en relations avec le transport durable, la mitigation du changement climatique et les politiques de r\u00e9duction d\u2019\u00e9missions de carbone au sein des pays en d\u00e9veloppement. Despacio a jou\u00e9 un r\u00f4le important dans l\u2019organisation de la logistique et du contenu de la journ\u00e9e du transport, ainsi que dans la coordination entre la SLoCaT et les diff\u00e9rentes entit\u00e9s pr\u00e9sentes \u00e0 Lima. Durant toute l\u2019ann\u00e9e, Despacio a g\u00e9r\u00e9 le compte <a href=\"https:\/\/twitter.com\/SlocatLAC\">Twitter<\/a> de SLoCaT LAC dans le but notamment de promouvoir les diff\u00e9rentes conf\u00e9rences en question et de relayer l\u2019information pertinente aupr\u00e8s des personnes int\u00e9ress\u00e9es.<\/p>\n<p>&nbsp;<\/p>\n<p>&nbsp;<\/p>\n","protected":false},"excerpt":{"rendered":"<p>Durant les deux derni\u00e8res ann\u00e9es, Despacio a repr\u00e9sent\u00e9 l\u2019Association pour un Transport Soutenable \u00e0 faible \u00e9mission de Carbone pour l\u2019Am\u00e9rique latine et les Cara\u00efbes (SLoCaT LAC).\u00a0La Banque de D\u00e9veloppement d\u2019Am\u00e9rique latine (CAF) a mandat\u00e9 Despacio pour faire la promotion de la th\u00e9matique au sein de la r\u00e9gion et repr\u00e9senter l\u2019association dans le cadre de diff\u00e9rentes&hellip;<\/p>","protected":false},"author":1,"featured_media":0,"comment_status":"closed","ping_status":"open","sticky":false,"template":"","format":"standard","meta":{"_acf_changed":false,"footnotes":""},"categories":[20],"tags":[],"class_list":["post-15802","post","type-post","status-publish","format-standard","hentry","category-sin-categoria"],"acf":[],"_links":{"self":[{"href":"https:\/\/despacio.org\/en\/wp-json\/wp\/v2\/posts\/15802","targetHints":{"allow":["GET"]}}],"collection":[{"href":"https:\/\/despacio.org\/en\/wp-json\/wp\/v2\/posts"}],"about":[{"href":"https:\/\/despacio.org\/en\/wp-json\/wp\/v2\/types\/post"}],"author":[{"embeddable":true,"href":"https:\/\/despacio.org\/en\/wp-json\/wp\/v2\/users\/1"}],"replies":[{"embeddable":true,"href":"https:\/\/despacio.org\/en\/wp-json\/wp\/v2\/comments?post=15802"}],"version-history":[{"count":0,"href":"https:\/\/despacio.org\/en\/wp-json\/wp\/v2\/posts\/15802\/revisions"}],"wp:attachment":[{"href":"https:\/\/despacio.org\/en\/wp-json\/wp\/v2\/media?parent=15802"}],"wp:term":[{"taxonomy":"category","embeddable":true,"href":"https:\/\/despacio.org\/en\/wp-json\/wp\/v2\/categories?post=15802"},{"taxonomy":"post_tag","embeddable":true,"href":"https:\/\/despacio.org\/en\/wp-json\/wp\/v2\/tags?post=15802"}],"curies":[{"name":"wp","href":"https:\/\/api.w.org\/{rel}","templated":true}]}}