{"id":15630,"date":"2015-04-21T17:31:34","date_gmt":"2015-04-21T22:31:34","guid":{"rendered":"http:\/\/despacio.org\/?p=15630"},"modified":"2015-04-21T17:31:34","modified_gmt":"2015-04-21T22:31:34","slug":"eventos-del-dia-sin-carro-abril-22","status":"publish","type":"post","link":"https:\/\/despacio.org\/en\/2015\/04\/21\/eventos-del-dia-sin-carro-abril-22\/","title":{"rendered":"Eventos del d\u00eda sin carro abril 22"},"content":{"rendered":"<p>Aqu\u00ed les dejamos informaci\u00f3n sobre varios eventos que sabemos que van a pasar el D\u00eda sin Carro. Si tienen informaci\u00f3n de cualquier otro m\u00e1ndennos un trino a @deespacio y lo agregamos.<\/p>\n<p>&#8211; Despacio estar\u00e1 con City Parking en dos de sus parqueaderos haciendo actividades y dando recompensas.<\/p>\n<p><a href=\"http:\/\/despacio.org\/wp-content\/uploads\/2015\/04\/FB_IMG_1429659711066.jpg\"><img loading=\"lazy\" decoding=\"async\" class=\"alignnone size-medium wp-image-15641\" src=\"http:\/\/despacio.org\/wp-content\/uploads\/2015\/04\/FB_IMG_1429659711066-300x214.jpg\" alt=\"FB_IMG_1429659711066\" width=\"300\" height=\"214\" \/><\/a><\/p>\n<p>&#8211; \u00a0Va a haber actividades en la Biblioteca\u00a0Virgilio Barco. El link para inscribirse a la pedaleada es\u00a0http:\/\/www.ambientebogota.gov.co\/web\/sda\/pedaleando-por-la-tierra<\/p>\n<p><a href=\"http:\/\/despacio.org\/wp-content\/uploads\/2015\/04\/unnamed.jpg\"><img loading=\"lazy\" decoding=\"async\" class=\"alignnone wp-image-15631 size-medium\" src=\"http:\/\/despacio.org\/wp-content\/uploads\/2015\/04\/unnamed-300x300.jpg\" alt=\"unnamed\" width=\"300\" height=\"300\" \/><\/a><\/p>\n<div>&#8211; Los de cyclechic har\u00e1n el tradicional Picnic Bicicletero, ser\u00e1\u00a0en dos puntos; en Usaqu\u00e9n gracias a la Gran Rodada y en el Parkway gracias a Teusacatubici. El link del evento es:\u00a0<a href=\"https:\/\/www.facebook.com\/events\/1616183655261920\/\" target=\"_blank\" rel=\"noopener\">https:\/\/www.facebook.com\/<wbr \/>events\/1616183655261920\/<\/a><\/div>\n<div><\/div>\n<div><\/div>\n<div>&#8211; En la Tadeo habr\u00e1 un evento denominado MoviLab (un laboratorio de movilidad, una nueva plataforma para buscar soluciones a los problemas de movilidad con un enfoque creativo y multidisciplinario).<\/div>\n<div><\/div>\n<div><a href=\"http:\/\/despacio.org\/wp-content\/uploads\/2015\/04\/unnamedtadeo.png\"><img loading=\"lazy\" decoding=\"async\" class=\"alignnone size-medium wp-image-15633\" src=\"http:\/\/despacio.org\/wp-content\/uploads\/2015\/04\/unnamedtadeo-197x300.png\" alt=\"unnamedtadeo\" width=\"197\" height=\"300\" \/><\/a><\/div>\n<div><\/div>\n<p>&#8211; \u00a0El Metro de Bogot\u00e1 llega a la Javeriana; la Pontificia Universidad Javeriana-PUJ y el Instituto de Desarrollo Urbano-IDU dar\u00e1n a conocer los avances del proyecto de la Primera L\u00ednea de Metro de Bogot\u00e1 desde el componente urban\u00edstico, ambiental y social. Se llevara a cabo el mi\u00e9rcoles 22 de abril de 2015 en el auditorio Jaime Hoyos S.J. de la PUJ de 1pm a 3pm. Ac\u00e1 el link del evento:\u00a0<a href=\"http:\/\/www.javeriana.edu.co\/noticias\/noticias?aID=4557786&amp;tID=22767#.VTbOEfmG8bg\">http:\/\/www.javeriana.edu.co\/noticias\/noticias?aID=4557786&amp;tID=22767#.VTbOEfmG8bg<\/a><\/p>\n<p>&#8211;\u00a0\u00a0La rodada del d\u00eda sin carro:<\/p>\n<p><a href=\"http:\/\/despacio.org\/wp-content\/uploads\/2015\/04\/RodadaCierre.jpg\"><img loading=\"lazy\" decoding=\"async\" class=\"alignnone size-medium wp-image-15635\" src=\"http:\/\/despacio.org\/wp-content\/uploads\/2015\/04\/RodadaCierre-300x110.jpg\" alt=\"RodadaCierre\" width=\"300\" height=\"110\" \/><\/a><\/p>\n<p>&nbsp;<\/p>","protected":false},"excerpt":{"rendered":"<p>Aqu\u00ed les dejamos informaci\u00f3n sobre varios eventos que sabemos que van a pasar el D\u00eda sin Carro. Si tienen informaci\u00f3n de cualquier otro m\u00e1ndennos un trino a @deespacio y lo agregamos. &#8211; Despacio estar\u00e1 con City Parking en dos de sus parqueaderos haciendo actividades y dando recompensas. &#8211; \u00a0Va a haber actividades en la Biblioteca\u00a0Virgilio&hellip;<\/p>","protected":false},"author":1,"featured_media":0,"comment_status":"closed","ping_status":"open","sticky":false,"template":"","format":"standard","meta":{"_acf_changed":false,"footnotes":""},"categories":[37],"tags":[],"class_list":["post-15630","post","type-post","status-publish","format-standard","hentry","category-eventos"],"acf":[],"_links":{"self":[{"href":"https:\/\/despacio.org\/en\/wp-json\/wp\/v2\/posts\/15630","targetHints":{"allow":["GET"]}}],"collection":[{"href":"https:\/\/despacio.org\/en\/wp-json\/wp\/v2\/posts"}],"about":[{"href":"https:\/\/despacio.org\/en\/wp-json\/wp\/v2\/types\/post"}],"author":[{"embeddable":true,"href":"https:\/\/despacio.org\/en\/wp-json\/wp\/v2\/users\/1"}],"replies":[{"embeddable":true,"href":"https:\/\/despacio.org\/en\/wp-json\/wp\/v2\/comments?post=15630"}],"version-history":[{"count":0,"href":"https:\/\/despacio.org\/en\/wp-json\/wp\/v2\/posts\/15630\/revisions"}],"wp:attachment":[{"href":"https:\/\/despacio.org\/en\/wp-json\/wp\/v2\/media?parent=15630"}],"wp:term":[{"taxonomy":"category","embeddable":true,"href":"https:\/\/despacio.org\/en\/wp-json\/wp\/v2\/categories?post=15630"},{"taxonomy":"post_tag","embeddable":true,"href":"https:\/\/despacio.org\/en\/wp-json\/wp\/v2\/tags?post=15630"}],"curies":[{"name":"wp","href":"https:\/\/api.w.org\/{rel}","templated":true}]}}