{"id":15412,"date":"2015-04-06T14:15:12","date_gmt":"2015-04-06T19:15:12","guid":{"rendered":"http:\/\/despacio.org\/?p=15412"},"modified":"2015-04-06T14:15:12","modified_gmt":"2015-04-06T19:15:12","slug":"supporting-retro-cleto-collective","status":"publish","type":"post","link":"https:\/\/despacio.org\/en\/2015\/04\/06\/supporting-retro-cleto-collective\/","title":{"rendered":"Supporting Retro Cleto Collective"},"content":{"rendered":"<p>The Retro\u00a0Cleto collective works in Sibat\u00e9 and in some parts of southern Bogot\u00e1 (we <a href=\"http:\/\/despacio.org\/en\/2012\/05\/05\/despacio-en-sibate-con-retrocletos\/\">visited<\/a> Sibat\u00e9 in 2012). Their work highlights the importance of thinking about the city from a regional perspective, integrating rural and urban, and of using a range of artistic activities, tactical urbanism, and civic participation in public spaces. To promote bike use, Retro\u00a0Cleto has developed bike-cinemas in public spaces, decorated urban spaces with bike-related stencils, done graffiti, and restored old bikes. Despacio has\u00a0provided the group with information for some of its projects and is currently looking for people interested in the collective&#8217;s mission promoting <em>la bicicleta popular<\/em> in Cundinamarca.\u00a0To learn more about this idea and the Retro\u00a0Cleto collective, see their <a href=\"http:\/\/despacio.org\/wp-content\/uploads\/2015\/04\/presentacion-Retro-Cleto-2015-PAG.pdf\">presentation<\/a>. Finally, we want to mention\u00a0that Retro\u00a0Cleto\u00a0recently joined the Mesa de la Bicicleta de Bogot\u00e1, an important step towards dialogue and\u00a0sharing local experiences among bicycle collectives.<\/p>\n<p>&nbsp;<\/p>","protected":false},"excerpt":{"rendered":"<p>The Retro\u00a0Cleto collective works in Sibat\u00e9 and in some parts of southern Bogot\u00e1 (we visited Sibat\u00e9 in 2012). Their work highlights the importance of thinking about the city from a regional perspective, integrating rural and urban, and of using a range of artistic activities, tactical urbanism, and civic participation in public spaces. To promote bike&hellip;<\/p>","protected":false},"author":1,"featured_media":15407,"comment_status":"closed","ping_status":"open","sticky":false,"template":"","format":"standard","meta":{"_acf_changed":false,"footnotes":""},"categories":[20],"tags":[],"class_list":["post-15412","post","type-post","status-publish","format-standard","has-post-thumbnail","hentry","category-sin-categoria"],"acf":[],"_links":{"self":[{"href":"https:\/\/despacio.org\/en\/wp-json\/wp\/v2\/posts\/15412","targetHints":{"allow":["GET"]}}],"collection":[{"href":"https:\/\/despacio.org\/en\/wp-json\/wp\/v2\/posts"}],"about":[{"href":"https:\/\/despacio.org\/en\/wp-json\/wp\/v2\/types\/post"}],"author":[{"embeddable":true,"href":"https:\/\/despacio.org\/en\/wp-json\/wp\/v2\/users\/1"}],"replies":[{"embeddable":true,"href":"https:\/\/despacio.org\/en\/wp-json\/wp\/v2\/comments?post=15412"}],"version-history":[{"count":0,"href":"https:\/\/despacio.org\/en\/wp-json\/wp\/v2\/posts\/15412\/revisions"}],"wp:featuredmedia":[{"embeddable":true,"href":"https:\/\/despacio.org\/en\/wp-json\/"}],"wp:attachment":[{"href":"https:\/\/despacio.org\/en\/wp-json\/wp\/v2\/media?parent=15412"}],"wp:term":[{"taxonomy":"category","embeddable":true,"href":"https:\/\/despacio.org\/en\/wp-json\/wp\/v2\/categories?post=15412"},{"taxonomy":"post_tag","embeddable":true,"href":"https:\/\/despacio.org\/en\/wp-json\/wp\/v2\/tags?post=15412"}],"curies":[{"name":"wp","href":"https:\/\/api.w.org\/{rel}","templated":true}]}}