{"id":15395,"date":"2015-04-06T11:56:29","date_gmt":"2015-04-06T16:56:29","guid":{"rendered":"http:\/\/despacio.org\/?p=15395"},"modified":"2015-04-06T11:56:29","modified_gmt":"2015-04-06T16:56:29","slug":"apoyamos-a-retro-cleto","status":"publish","type":"post","link":"https:\/\/despacio.org\/en\/2015\/04\/06\/apoyamos-a-retro-cleto\/","title":{"rendered":"Apoyamos a Retro Cleto"},"content":{"rendered":"<p>El colectivo Retrocleto trabaja en Sibat\u00e9 y en algunos sectores del sur de Bogot\u00e1 (los visitamos en Sibat\u00e9 en el 2012, <a title=\"Despacio en Sibat\u00e9 con Retrocletos\" href=\"http:\/\/despacio.org\/en\/2012\/05\/05\/despacio-en-sibate-con-retrocletos\/\">aqu\u00ed la noticia<\/a>). Nos recuerdan la importancia de pensar la ciudad desde la regi\u00f3n, \u00a0integrando lo rural con lo urbano y por medio de actividades art\u00edsticas, urbanismo t\u00e1ctico y la participaci\u00f3n de las personas en el espacio p\u00fablico. Dentro de sus actividades para promover el uso de la bicicleta han realizado bicicinemas en espacios p\u00fablicos, han decorado los entornos urbanos con est\u00e9nciles con mensajes alusivos a la bicicleta, graffitis, restauraci\u00f3n de bicicletas antiguas,entre otros. Despacio los ha ayudado con informaci\u00f3n y en algunos de sus proyectos y, para poder colaborar m\u00e1s en su misi\u00f3n procuramos de interesados que tambi\u00e9n quieran contribuir a entender y promover la <em>bicicleta popular<\/em> en Cundinamarca.\u00a0Para saber en m\u00e1s detalle del colectivo Retro Cleto vea su presentaci\u00f3n <a href=\"http:\/\/despacio.org\/wp-content\/uploads\/2015\/04\/presentacion_Retro_Cleto_2015_PAG.pdf\">aqu\u00ed<\/a>.\u00a0Por \u00faltimo queremos\u00a0aplaudir su vinculaci\u00f3n reciente a la Mesa de la Bicicleta de Bogot\u00e1, un buen paso para contribuir al di\u00e1logo entre colectivos y experiencias del territorio por medio de la bicicleta.<\/p>","protected":false},"excerpt":{"rendered":"<p>El colectivo Retrocleto trabaja en Sibat\u00e9 y en algunos sectores del sur de Bogot\u00e1 (los visitamos en Sibat\u00e9 en el 2012, aqu\u00ed la noticia). Nos recuerdan la importancia de pensar la ciudad desde la regi\u00f3n, \u00a0integrando lo rural con lo urbano y por medio de actividades art\u00edsticas, urbanismo t\u00e1ctico y la participaci\u00f3n de las personas&hellip;<\/p>","protected":false},"author":1,"featured_media":15407,"comment_status":"closed","ping_status":"open","sticky":false,"template":"","format":"standard","meta":{"_acf_changed":false,"footnotes":""},"categories":[2,37],"tags":[],"class_list":["post-15395","post","type-post","status-publish","format-standard","has-post-thumbnail","hentry","category-ciudad","category-eventos"],"acf":[],"_links":{"self":[{"href":"https:\/\/despacio.org\/en\/wp-json\/wp\/v2\/posts\/15395","targetHints":{"allow":["GET"]}}],"collection":[{"href":"https:\/\/despacio.org\/en\/wp-json\/wp\/v2\/posts"}],"about":[{"href":"https:\/\/despacio.org\/en\/wp-json\/wp\/v2\/types\/post"}],"author":[{"embeddable":true,"href":"https:\/\/despacio.org\/en\/wp-json\/wp\/v2\/users\/1"}],"replies":[{"embeddable":true,"href":"https:\/\/despacio.org\/en\/wp-json\/wp\/v2\/comments?post=15395"}],"version-history":[{"count":0,"href":"https:\/\/despacio.org\/en\/wp-json\/wp\/v2\/posts\/15395\/revisions"}],"wp:featuredmedia":[{"embeddable":true,"href":"https:\/\/despacio.org\/en\/wp-json\/"}],"wp:attachment":[{"href":"https:\/\/despacio.org\/en\/wp-json\/wp\/v2\/media?parent=15395"}],"wp:term":[{"taxonomy":"category","embeddable":true,"href":"https:\/\/despacio.org\/en\/wp-json\/wp\/v2\/categories?post=15395"},{"taxonomy":"post_tag","embeddable":true,"href":"https:\/\/despacio.org\/en\/wp-json\/wp\/v2\/tags?post=15395"}],"curies":[{"name":"wp","href":"https:\/\/api.w.org\/{rel}","templated":true}]}}