{"id":1513,"date":"2014-03-11T19:20:04","date_gmt":"2014-03-12T00:20:04","guid":{"rendered":"http:\/\/despacio.org\/?p=1513"},"modified":"2014-03-11T19:20:04","modified_gmt":"2014-03-12T00:20:04","slug":"visita-tecnica-de-transporte","status":"publish","type":"post","link":"https:\/\/despacio.org\/en\/2014\/03\/11\/visita-tecnica-de-transporte\/","title":{"rendered":"Visita t\u00e9cnica de transporte"},"content":{"rendered":"<p>Abajo encontrar\u00e1 informaci\u00f3n completa sobre nuestra visita t\u00e9cnica a sistemas de transporte en Medell\u00edn, Bogot\u00e1 y Pereira en Colombia durante Abril 12-16 de 2014. La informaci\u00f3n completa la puede solicitar a\u00a0Laura Mendoza &#8211; LMendoza(arroba)despacio(punto)org \u00a0. El documento completo describiendo los detalles de la visita t\u00e9cnica (en ingl\u00e9s) est\u00e1 aqu\u00ed::\u00a0<a href=\"http:\/\/despacio.org\/wp-content\/uploads\/2014\/02\/Technical-visit-to-the-BRT_WUF-FEB-24-2014.pdf\">Transport study tour to Colombian cities<\/a><\/p>\n<p><a href=\"http:\/\/despacio.org\/wp-content\/uploads\/2014\/03\/flyer-study-tour_espanol.png\"><img loading=\"lazy\" decoding=\"async\" class=\"aligncenter size-full wp-image-1514\" src=\"http:\/\/despacio.org\/wp-content\/uploads\/2014\/03\/flyer-study-tour_espanol.png\" alt=\"flyer study tour_espanol\" width=\"864\" height=\"2632\" \/><\/a><\/p>","protected":false},"excerpt":{"rendered":"<p>Abajo encontrar\u00e1 informaci\u00f3n completa sobre nuestra visita t\u00e9cnica a sistemas de transporte en Medell\u00edn, Bogot\u00e1 y Pereira en Colombia durante Abril 12-16 de 2014. La informaci\u00f3n completa la puede solicitar a\u00a0Laura Mendoza &#8211; LMendoza(arroba)despacio(punto)org \u00a0. El documento completo describiendo los detalles de la visita t\u00e9cnica (en ingl\u00e9s) est\u00e1 aqu\u00ed::\u00a0Transport study tour to Colombian cities<\/p>","protected":false},"author":1,"featured_media":0,"comment_status":"open","ping_status":"open","sticky":false,"template":"","format":"standard","meta":{"_acf_changed":false,"footnotes":""},"categories":[2,37,21],"tags":[],"class_list":["post-1513","post","type-post","status-publish","format-standard","hentry","category-ciudad","category-eventos","category-proyectos"],"acf":[],"_links":{"self":[{"href":"https:\/\/despacio.org\/en\/wp-json\/wp\/v2\/posts\/1513","targetHints":{"allow":["GET"]}}],"collection":[{"href":"https:\/\/despacio.org\/en\/wp-json\/wp\/v2\/posts"}],"about":[{"href":"https:\/\/despacio.org\/en\/wp-json\/wp\/v2\/types\/post"}],"author":[{"embeddable":true,"href":"https:\/\/despacio.org\/en\/wp-json\/wp\/v2\/users\/1"}],"replies":[{"embeddable":true,"href":"https:\/\/despacio.org\/en\/wp-json\/wp\/v2\/comments?post=1513"}],"version-history":[{"count":0,"href":"https:\/\/despacio.org\/en\/wp-json\/wp\/v2\/posts\/1513\/revisions"}],"wp:attachment":[{"href":"https:\/\/despacio.org\/en\/wp-json\/wp\/v2\/media?parent=1513"}],"wp:term":[{"taxonomy":"category","embeddable":true,"href":"https:\/\/despacio.org\/en\/wp-json\/wp\/v2\/categories?post=1513"},{"taxonomy":"post_tag","embeddable":true,"href":"https:\/\/despacio.org\/en\/wp-json\/wp\/v2\/tags?post=1513"}],"curies":[{"name":"wp","href":"https:\/\/api.w.org\/{rel}","templated":true}]}}