{"id":1504,"date":"2014-03-07T11:07:29","date_gmt":"2014-03-07T16:07:29","guid":{"rendered":"http:\/\/despacio.org\/?p=1504"},"modified":"2014-03-07T11:07:29","modified_gmt":"2014-03-07T16:07:29","slug":"configuring-the-urban-night","status":"publish","type":"post","link":"https:\/\/despacio.org\/en\/2014\/03\/07\/configuring-the-urban-night\/","title":{"rendered":"Configuring the Urban Night"},"content":{"rendered":"<p><a href=\"http:\/\/despacio.org\/wp-content\/uploads\/2014\/03\/configuring-the-urban-light_header.jpg\"><img loading=\"lazy\" decoding=\"async\" class=\"aligncenter size-medium wp-image-1505\" alt=\"configuring-the-urban-light_header\" src=\"http:\/\/despacio.org\/wp-content\/uploads\/2014\/03\/configuring-the-urban-light_header-300x127.jpg\" width=\"300\" height=\"127\" \/><\/a><\/p>\n<p><b><i>Efficiency, environmental impact and quality of life in contemporary Medell\u00edn<\/i><\/b><\/p>\n<p>(<a href=\"http:\/\/files.lsecities.net\/files\/2014\/03\/CONFIGURING-THE-URBAN-NIGHT_flyer_FINAL_20140319.pdf\" target=\"_blank\">download flyer<\/a>)<\/p>\n<p>Hosted by <a href=\"http:\/\/lsecities.net\/media\/objects\/events\/configuring-the-urban-night\" target=\"_blank\">LSE Cities<\/a>, Despacio and <a href=\"http:\/\/parqueexplora.org\" target=\"_blank\">Parque Explora<\/a>, and with participation from Medell\u00edn Municipality, this panel discussion aims at mapping and understanding the role urban lighting can play in improving livelihoods, increasing safety and fostering sustainable environmental policies for cities. Representatives of lighting research initiatives, regulatory bodies and the industry will analyse the interests of different stakeholders as well as current developments in urban design and governance in the context of contemporary Medell\u00edn.<\/p>\n<p>This event will have video streaming in <a href=\"http:\/\/www.planetariomedellin.org\/ver-y-oir\/para-ver-en-directo\/#.Uyzz-vl5MrU\" target=\"_blank\">this link<\/a>. Videos will be subsequently uploaded to <a href=\"https:\/\/www.youtube.com\/user\/ParqueExplora\" target=\"_blank\">this link<\/a>.<b><br \/>\n<\/b><\/p>\n<p><b>Venue<\/b>: Parque Explora, Auditorium<\/p>\n<p>April 10<sup>th<\/sup>, 6:30-8:30pm<\/p>\n<p><strong>SPEAKERS<\/strong><\/p>\n<p>Leni Schwendinger, ARUP<\/p>\n<p>Don Slater, London School of Economics<\/p>\n<p>Le\u00f3n Jaime Restrepo, GTTP Program Colombia<\/p>\n<p>In\u00e9s Helena V\u00e9lez P\u00e9rez,\u00a0Medell\u00edn Energy Company (EPM)<\/p>\n<p>Carlosfelipe Pardo, Despacio (moderating)<\/p>","protected":false},"excerpt":{"rendered":"<p>Efficiency, environmental impact and quality of life in contemporary Medell\u00edn (download flyer) Hosted by LSE Cities, Despacio and Parque Explora, and with participation from Medell\u00edn Municipality, this panel discussion aims at mapping and understanding the role urban lighting can play in improving livelihoods, increasing safety and fostering sustainable environmental policies for cities. Representatives of lighting&hellip;<\/p>","protected":false},"author":1,"featured_media":0,"comment_status":"open","ping_status":"open","sticky":false,"template":"","format":"standard","meta":{"_acf_changed":false,"footnotes":""},"categories":[20],"tags":[],"class_list":["post-1504","post","type-post","status-publish","format-standard","hentry","category-sin-categoria"],"acf":[],"_links":{"self":[{"href":"https:\/\/despacio.org\/en\/wp-json\/wp\/v2\/posts\/1504","targetHints":{"allow":["GET"]}}],"collection":[{"href":"https:\/\/despacio.org\/en\/wp-json\/wp\/v2\/posts"}],"about":[{"href":"https:\/\/despacio.org\/en\/wp-json\/wp\/v2\/types\/post"}],"author":[{"embeddable":true,"href":"https:\/\/despacio.org\/en\/wp-json\/wp\/v2\/users\/1"}],"replies":[{"embeddable":true,"href":"https:\/\/despacio.org\/en\/wp-json\/wp\/v2\/comments?post=1504"}],"version-history":[{"count":0,"href":"https:\/\/despacio.org\/en\/wp-json\/wp\/v2\/posts\/1504\/revisions"}],"wp:attachment":[{"href":"https:\/\/despacio.org\/en\/wp-json\/wp\/v2\/media?parent=1504"}],"wp:term":[{"taxonomy":"category","embeddable":true,"href":"https:\/\/despacio.org\/en\/wp-json\/wp\/v2\/categories?post=1504"},{"taxonomy":"post_tag","embeddable":true,"href":"https:\/\/despacio.org\/en\/wp-json\/wp\/v2\/tags?post=1504"}],"curies":[{"name":"wp","href":"https:\/\/api.w.org\/{rel}","templated":true}]}}