{"id":1249,"date":"2013-05-14T14:55:25","date_gmt":"2013-05-14T19:55:25","guid":{"rendered":"http:\/\/despacio.org\/?p=1249"},"modified":"2013-05-14T14:55:25","modified_gmt":"2013-05-14T19:55:25","slug":"despacio-apoya-un-proyecto-de-desarrollo-urbano-para-colombia","status":"publish","type":"post","link":"https:\/\/despacio.org\/en\/2013\/05\/14\/despacio-apoya-un-proyecto-de-desarrollo-urbano-para-colombia\/","title":{"rendered":"Despacio apoya un proyecto de Desarrollo Urbano para Colombia"},"content":{"rendered":"<p><iframe loading=\"lazy\" src=\"http:\/\/www.youtube.com\/embed\/5kRHE-8DSE8\" width=\"560\" height=\"315\" frameborder=\"0\" allowfullscreen=\"allowfullscreen\"><\/iframe><\/p>\n<p>El video de arriba lo publicaron de parte del <a href=\"http:\/\/ccap.org\/\" target=\"_blank\" rel=\"noopener\">Center for Clean Air Policy<\/a> de Washington, donde proponen (entre otras cosas) un proyecto de reducci\u00f3n de emisiones por desarrollo orientado al transporte p\u00fablico en Colombia. Como es muy parecido al tema que propusimos en <a title=\"Bogot\u00e1 21 \u2013 publicado!\" href=\"http:\/\/despacio.org\/en\/2012\/10\/30\/bogota-21-publicado\/\" target=\"_blank\" rel=\"noopener\">Bogot\u00e1 21<\/a>, nos pidieron que habl\u00e1ramos un ratico del tema en el video. \u00a0Ah\u00ed vamos, de a poquitos apoyando las cosas ch\u00e9veres.<\/p>","protected":false},"excerpt":{"rendered":"<p>El video de arriba lo publicaron de parte del Center for Clean Air Policy de Washington, donde proponen (entre otras cosas) un proyecto de reducci\u00f3n de emisiones por desarrollo orientado al transporte p\u00fablico en Colombia. Como es muy parecido al tema que propusimos en Bogot\u00e1 21, nos pidieron que habl\u00e1ramos un ratico del tema en&hellip;<\/p>","protected":false},"author":1,"featured_media":0,"comment_status":"closed","ping_status":"closed","sticky":false,"template":"","format":"standard","meta":{"_acf_changed":false,"footnotes":""},"categories":[2,39,22],"tags":[],"class_list":["post-1249","post","type-post","status-publish","format-standard","hentry","category-ciudad","category-clima","category-publicaciones"],"acf":[],"_links":{"self":[{"href":"https:\/\/despacio.org\/en\/wp-json\/wp\/v2\/posts\/1249","targetHints":{"allow":["GET"]}}],"collection":[{"href":"https:\/\/despacio.org\/en\/wp-json\/wp\/v2\/posts"}],"about":[{"href":"https:\/\/despacio.org\/en\/wp-json\/wp\/v2\/types\/post"}],"author":[{"embeddable":true,"href":"https:\/\/despacio.org\/en\/wp-json\/wp\/v2\/users\/1"}],"replies":[{"embeddable":true,"href":"https:\/\/despacio.org\/en\/wp-json\/wp\/v2\/comments?post=1249"}],"version-history":[{"count":0,"href":"https:\/\/despacio.org\/en\/wp-json\/wp\/v2\/posts\/1249\/revisions"}],"wp:attachment":[{"href":"https:\/\/despacio.org\/en\/wp-json\/wp\/v2\/media?parent=1249"}],"wp:term":[{"taxonomy":"category","embeddable":true,"href":"https:\/\/despacio.org\/en\/wp-json\/wp\/v2\/categories?post=1249"},{"taxonomy":"post_tag","embeddable":true,"href":"https:\/\/despacio.org\/en\/wp-json\/wp\/v2\/tags?post=1249"}],"curies":[{"name":"wp","href":"https:\/\/api.w.org\/{rel}","templated":true}]}}